{"id":1995,"date":"2021-11-26T07:03:22","date_gmt":"2021-11-26T07:03:22","guid":{"rendered":"https:\/\/monofamilias.es\/aquest-nadal-al-circ-en-familia\/"},"modified":"2021-12-05T07:14:43","modified_gmt":"2021-12-05T07:14:43","slug":"aquest-nadal-al-circ-en-familia","status":"publish","type":"post","link":"https:\/\/monofamilias.es\/val\/aquest-nadal-al-circ-en-familia\/","title":{"rendered":"Aquest Nadal, al circ en fam\u00edlia"},"content":{"rendered":"<p>Aquest nadal veuen al circ en fam\u00edlia amb FANUCOVA.<\/p>\n<p>Gala solid\u00e0ria amb preus redu\u00efts per a fam\u00edlies.<\/p>\n<p>Un any m\u00e9s volem gaudir amb totes les fam\u00edlies de la comunitat valenciana d&#8217;un mat\u00ed inoblidable en el Circ Wonderland.<\/p>\n<p>Ser\u00e0 dissabte que ve 18 de desembre a les 12.00 hores.<\/p>\n<p>Gr\u00e0cies a l&#8217;acord amb el Circ Wonderland els preus seran de 9\u20ac\/persona i de 6 euros per a les fam\u00edlies monoparentals associades. Els menors de 2 anys entren gratis.<\/p>\n<p>Els beneficis seran destinats al repartiment de carros d&#8217;alimentaci\u00f3 dins del projecte solidari FANUCOVA Nadal\u201921, en col\u00b7laboraci\u00f3 amb Carrefour.<\/p>\n<p>Sorteig d&#8217;un menjar o sopar per a tota la fam\u00edlia en el nou restaurant d&#8217;hamburgueses Raff\u00b4s entre les fam\u00edlies assistents.<\/p>\n<p>&nbsp;<\/p>\n","protected":false},"excerpt":{"rendered":"<p>Aquest nadal veuen al circ en fam\u00edlia amb FANUCOVA. Gala solid\u00e0ria amb preus redu\u00efts per a fam\u00edlies. Un any m\u00e9s volem gaudir amb totes les fam\u00edlies de la comunitat valenciana d&#8217;un mat\u00ed inoblidable en el Circ Wonderland. Ser\u00e0 dissabte que ve 18 de desembre a&#8230;<\/p>\n","protected":false},"author":1,"featured_media":1978,"comment_status":"open","ping_status":"open","sticky":false,"template":"","format":"standard","meta":{"om_disable_all_campaigns":false,"_mi_skip_tracking":false,"_monsterinsights_sitenote_active":false,"_monsterinsights_sitenote_note":"","_monsterinsights_sitenote_category":0,"footnotes":""},"categories":[16],"tags":[],"yoast_head":"<!-- This site is optimized with the Yoast SEO plugin v21.3 - https:\/\/yoast.com\/wordpress\/plugins\/seo\/ -->\n<title>Aquest Nadal, al circ en fam\u00edlia - Monofamilias<\/title>\n<meta name=\"robots\" content=\"index, follow, max-snippet:-1, max-image-preview:large, max-video-preview:-1\" \/>\n<link rel=\"canonical\" href=\"https:\/\/monofamilias.es\/val\/aquest-nadal-al-circ-en-familia\/\" \/>\n<meta property=\"og:locale\" content=\"en_US\" \/>\n<meta property=\"og:type\" content=\"article\" \/>\n<meta property=\"og:title\" content=\"Aquest Nadal, al circ en fam\u00edlia - Monofamilias\" \/>\n<meta property=\"og:description\" content=\"Aquest nadal veuen al circ en fam\u00edlia amb FANUCOVA. Gala solid\u00e0ria amb preus redu\u00efts per a fam\u00edlies. Un any m\u00e9s volem gaudir amb totes les fam\u00edlies de la comunitat valenciana d&#8217;un mat\u00ed inoblidable en el Circ Wonderland. Ser\u00e0 dissabte que ve 18 de desembre a...\" \/>\n<meta property=\"og:url\" content=\"https:\/\/monofamilias.es\/val\/aquest-nadal-al-circ-en-familia\/\" \/>\n<meta property=\"og:site_name\" content=\"Monofamilias\" \/>\n<meta property=\"article:published_time\" content=\"2021-11-26T07:03:22+00:00\" \/>\n<meta property=\"article:modified_time\" content=\"2021-12-05T07:14:43+00:00\" \/>\n<meta property=\"og:image\" content=\"https:\/\/monofamilias.es\/wp-content\/uploads\/2021\/11\/SITO-Y-DANI-LOS-RIVELINOS-scaled-1.jpeg\" \/>\n\t<meta property=\"og:image:width\" content=\"2560\" \/>\n\t<meta property=\"og:image:height\" content=\"1675\" \/>\n\t<meta property=\"og:image:type\" content=\"image\/jpeg\" \/>\n<meta name=\"author\" content=\"admin\" \/>\n<meta name=\"twitter:card\" content=\"summary_large_image\" \/>\n<meta name=\"twitter:label1\" content=\"Written by\" \/>\n\t<meta name=\"twitter:data1\" content=\"admin\" \/>\n\t<meta name=\"twitter:label2\" content=\"Est. reading time\" \/>\n\t<meta name=\"twitter:data2\" content=\"1 minute\" \/>\n<script type=\"application\/ld+json\" class=\"yoast-schema-graph\">{\"@context\":\"https:\/\/schema.org\",\"@graph\":[{\"@type\":\"Article\",\"@id\":\"https:\/\/monofamilias.es\/val\/aquest-nadal-al-circ-en-familia\/#article\",\"isPartOf\":{\"@id\":\"https:\/\/monofamilias.es\/val\/aquest-nadal-al-circ-en-familia\/\"},\"author\":{\"name\":\"admin\",\"@id\":\"https:\/\/monofamilias.es\/#\/schema\/person\/961568664e0baeb3a12b8e45b313bff8\"},\"headline\":\"Aquest Nadal, al circ en fam\u00edlia\",\"datePublished\":\"2021-11-26T07:03:22+00:00\",\"dateModified\":\"2021-12-05T07:14:43+00:00\",\"mainEntityOfPage\":{\"@id\":\"https:\/\/monofamilias.es\/val\/aquest-nadal-al-circ-en-familia\/\"},\"wordCount\":132,\"commentCount\":0,\"publisher\":{\"@id\":\"https:\/\/monofamilias.es\/#organization\"},\"articleSection\":[\"Not\u00edcies\"],\"inLanguage\":\"val\",\"potentialAction\":[{\"@type\":\"CommentAction\",\"name\":\"Comment\",\"target\":[\"https:\/\/monofamilias.es\/val\/aquest-nadal-al-circ-en-familia\/#respond\"]}]},{\"@type\":\"WebPage\",\"@id\":\"https:\/\/monofamilias.es\/val\/aquest-nadal-al-circ-en-familia\/\",\"url\":\"https:\/\/monofamilias.es\/val\/aquest-nadal-al-circ-en-familia\/\",\"name\":\"Aquest Nadal, al circ en fam\u00edlia - Monofamilias\",\"isPartOf\":{\"@id\":\"https:\/\/monofamilias.es\/#website\"},\"datePublished\":\"2021-11-26T07:03:22+00:00\",\"dateModified\":\"2021-12-05T07:14:43+00:00\",\"inLanguage\":\"val\",\"potentialAction\":[{\"@type\":\"ReadAction\",\"target\":[\"https:\/\/monofamilias.es\/val\/aquest-nadal-al-circ-en-familia\/\"]}]},{\"@type\":\"WebSite\",\"@id\":\"https:\/\/monofamilias.es\/#website\",\"url\":\"https:\/\/monofamilias.es\/\",\"name\":\"Monofamilias\",\"description\":\"Familias Monoparentales de la Comunidad Valenciana\",\"publisher\":{\"@id\":\"https:\/\/monofamilias.es\/#organization\"},\"potentialAction\":[{\"@type\":\"SearchAction\",\"target\":{\"@type\":\"EntryPoint\",\"urlTemplate\":\"https:\/\/monofamilias.es\/?s={search_term_string}\"},\"query-input\":\"required name=search_term_string\"}],\"inLanguage\":\"val\"},{\"@type\":\"Organization\",\"@id\":\"https:\/\/monofamilias.es\/#organization\",\"name\":\"Monofamilias\",\"url\":\"https:\/\/monofamilias.es\/\",\"logo\":{\"@type\":\"ImageObject\",\"inLanguage\":\"val\",\"@id\":\"https:\/\/monofamilias.es\/#\/schema\/logo\/image\/\",\"url\":\"https:\/\/monofamilias.es\/wp-content\/uploads\/2020\/04\/Familias-Monoparentales-Valencia-r.png\",\"contentUrl\":\"https:\/\/monofamilias.es\/wp-content\/uploads\/2020\/04\/Familias-Monoparentales-Valencia-r.png\",\"width\":900,\"height\":265,\"caption\":\"Monofamilias\"},\"image\":{\"@id\":\"https:\/\/monofamilias.es\/#\/schema\/logo\/image\/\"}},{\"@type\":\"Person\",\"@id\":\"https:\/\/monofamilias.es\/#\/schema\/person\/961568664e0baeb3a12b8e45b313bff8\",\"name\":\"admin\",\"image\":{\"@type\":\"ImageObject\",\"inLanguage\":\"val\",\"@id\":\"https:\/\/monofamilias.es\/#\/schema\/person\/image\/\",\"url\":\"https:\/\/secure.gravatar.com\/avatar\/2613d9fa59c366ebe9f8883f2a7887f5?s=96&d=mm&r=g\",\"contentUrl\":\"https:\/\/secure.gravatar.com\/avatar\/2613d9fa59c366ebe9f8883f2a7887f5?s=96&d=mm&r=g\",\"caption\":\"admin\"},\"url\":\"https:\/\/monofamilias.es\/val\/author\/administra\/\"}]}<\/script>\n<!-- \/ Yoast SEO plugin. -->","yoast_head_json":{"title":"Aquest Nadal, al circ en fam\u00edlia - Monofamilias","robots":{"index":"index","follow":"follow","max-snippet":"max-snippet:-1","max-image-preview":"max-image-preview:large","max-video-preview":"max-video-preview:-1"},"canonical":"https:\/\/monofamilias.es\/val\/aquest-nadal-al-circ-en-familia\/","og_locale":"en_US","og_type":"article","og_title":"Aquest Nadal, al circ en fam\u00edlia - Monofamilias","og_description":"Aquest nadal veuen al circ en fam\u00edlia amb FANUCOVA. Gala solid\u00e0ria amb preus redu\u00efts per a fam\u00edlies. Un any m\u00e9s volem gaudir amb totes les fam\u00edlies de la comunitat valenciana d&#8217;un mat\u00ed inoblidable en el Circ Wonderland. Ser\u00e0 dissabte que ve 18 de desembre a...","og_url":"https:\/\/monofamilias.es\/val\/aquest-nadal-al-circ-en-familia\/","og_site_name":"Monofamilias","article_published_time":"2021-11-26T07:03:22+00:00","article_modified_time":"2021-12-05T07:14:43+00:00","og_image":[{"width":2560,"height":1675,"url":"https:\/\/monofamilias.es\/wp-content\/uploads\/2021\/11\/SITO-Y-DANI-LOS-RIVELINOS-scaled-1.jpeg","type":"image\/jpeg"}],"author":"admin","twitter_card":"summary_large_image","twitter_misc":{"Written by":"admin","Est. reading time":"1 minute"},"schema":{"@context":"https:\/\/schema.org","@graph":[{"@type":"Article","@id":"https:\/\/monofamilias.es\/val\/aquest-nadal-al-circ-en-familia\/#article","isPartOf":{"@id":"https:\/\/monofamilias.es\/val\/aquest-nadal-al-circ-en-familia\/"},"author":{"name":"admin","@id":"https:\/\/monofamilias.es\/#\/schema\/person\/961568664e0baeb3a12b8e45b313bff8"},"headline":"Aquest Nadal, al circ en fam\u00edlia","datePublished":"2021-11-26T07:03:22+00:00","dateModified":"2021-12-05T07:14:43+00:00","mainEntityOfPage":{"@id":"https:\/\/monofamilias.es\/val\/aquest-nadal-al-circ-en-familia\/"},"wordCount":132,"commentCount":0,"publisher":{"@id":"https:\/\/monofamilias.es\/#organization"},"articleSection":["Not\u00edcies"],"inLanguage":"val","potentialAction":[{"@type":"CommentAction","name":"Comment","target":["https:\/\/monofamilias.es\/val\/aquest-nadal-al-circ-en-familia\/#respond"]}]},{"@type":"WebPage","@id":"https:\/\/monofamilias.es\/val\/aquest-nadal-al-circ-en-familia\/","url":"https:\/\/monofamilias.es\/val\/aquest-nadal-al-circ-en-familia\/","name":"Aquest Nadal, al circ en fam\u00edlia - Monofamilias","isPartOf":{"@id":"https:\/\/monofamilias.es\/#website"},"datePublished":"2021-11-26T07:03:22+00:00","dateModified":"2021-12-05T07:14:43+00:00","inLanguage":"val","potentialAction":[{"@type":"ReadAction","target":["https:\/\/monofamilias.es\/val\/aquest-nadal-al-circ-en-familia\/"]}]},{"@type":"WebSite","@id":"https:\/\/monofamilias.es\/#website","url":"https:\/\/monofamilias.es\/","name":"Monofamilias","description":"Familias Monoparentales de la Comunidad Valenciana","publisher":{"@id":"https:\/\/monofamilias.es\/#organization"},"potentialAction":[{"@type":"SearchAction","target":{"@type":"EntryPoint","urlTemplate":"https:\/\/monofamilias.es\/?s={search_term_string}"},"query-input":"required name=search_term_string"}],"inLanguage":"val"},{"@type":"Organization","@id":"https:\/\/monofamilias.es\/#organization","name":"Monofamilias","url":"https:\/\/monofamilias.es\/","logo":{"@type":"ImageObject","inLanguage":"val","@id":"https:\/\/monofamilias.es\/#\/schema\/logo\/image\/","url":"https:\/\/monofamilias.es\/wp-content\/uploads\/2020\/04\/Familias-Monoparentales-Valencia-r.png","contentUrl":"https:\/\/monofamilias.es\/wp-content\/uploads\/2020\/04\/Familias-Monoparentales-Valencia-r.png","width":900,"height":265,"caption":"Monofamilias"},"image":{"@id":"https:\/\/monofamilias.es\/#\/schema\/logo\/image\/"}},{"@type":"Person","@id":"https:\/\/monofamilias.es\/#\/schema\/person\/961568664e0baeb3a12b8e45b313bff8","name":"admin","image":{"@type":"ImageObject","inLanguage":"val","@id":"https:\/\/monofamilias.es\/#\/schema\/person\/image\/","url":"https:\/\/secure.gravatar.com\/avatar\/2613d9fa59c366ebe9f8883f2a7887f5?s=96&d=mm&r=g","contentUrl":"https:\/\/secure.gravatar.com\/avatar\/2613d9fa59c366ebe9f8883f2a7887f5?s=96&d=mm&r=g","caption":"admin"},"url":"https:\/\/monofamilias.es\/val\/author\/administra\/"}]}},"_links":{"self":[{"href":"https:\/\/monofamilias.es\/val\/wp-json\/wp\/v2\/posts\/1995"}],"collection":[{"href":"https:\/\/monofamilias.es\/val\/wp-json\/wp\/v2\/posts"}],"about":[{"href":"https:\/\/monofamilias.es\/val\/wp-json\/wp\/v2\/types\/post"}],"author":[{"embeddable":true,"href":"https:\/\/monofamilias.es\/val\/wp-json\/wp\/v2\/users\/1"}],"replies":[{"embeddable":true,"href":"https:\/\/monofamilias.es\/val\/wp-json\/wp\/v2\/comments?post=1995"}],"version-history":[{"count":1,"href":"https:\/\/monofamilias.es\/val\/wp-json\/wp\/v2\/posts\/1995\/revisions"}],"predecessor-version":[{"id":1996,"href":"https:\/\/monofamilias.es\/val\/wp-json\/wp\/v2\/posts\/1995\/revisions\/1996"}],"wp:featuredmedia":[{"embeddable":true,"href":"https:\/\/monofamilias.es\/val\/wp-json\/wp\/v2\/media\/1978"}],"wp:attachment":[{"href":"https:\/\/monofamilias.es\/val\/wp-json\/wp\/v2\/media?parent=1995"}],"wp:term":[{"taxonomy":"category","embeddable":true,"href":"https:\/\/monofamilias.es\/val\/wp-json\/wp\/v2\/categories?post=1995"},{"taxonomy":"post_tag","embeddable":true,"href":"https:\/\/monofamilias.es\/val\/wp-json\/wp\/v2\/tags?post=1995"}],"curies":[{"name":"wp","href":"https:\/\/api.w.org\/{rel}","templated":true}]}}