{"id":2320,"date":"2022-03-01T10:39:13","date_gmt":"2022-03-01T10:39:13","guid":{"rendered":"https:\/\/monofamilias.es\/las-familias-monoparentales-solicitan-mas-apoyo-institucional\/"},"modified":"2022-03-01T11:23:37","modified_gmt":"2022-03-01T11:23:37","slug":"las-familias-monoparentales-solicitan-mas-apoyo-institucional","status":"publish","type":"post","link":"https:\/\/monofamilias.es\/val\/las-familias-monoparentales-solicitan-mas-apoyo-institucional\/","title":{"rendered":"Les fam\u00edlies monoparentals sol.liciten m\u00e9s suport institucional"},"content":{"rendered":"<p>L&#8217;Associaci\u00f3 de Fam\u00edlies Monoparentals de la Comunitat Valenciana *Monofamilias es reuneix amb Jos\u00e9 Manuel Prieto *Part, alcalde de Gandia.<\/p>\n<p>22 de febrer de 2022. En el dia d&#8217;ahir l&#8217;Associaci\u00f3 de Fam\u00edlies Monoparentals de la Comunitat Valenciana, *MONOFAMILIAS, es va reunir amb l&#8217;alcalde de Gandia i amb la regidora de Benestar Social Immaculada Rodr\u00edguez, amb la finalitat de sol\u00b7licitar m\u00e9s suport per a aquest col\u00b7lectiu que, sens dubte, va en augment.<\/p>\n<p>En aquest sentit, els responsables de l&#8217;Associaci\u00f3 van sol\u00b7licitar ajuda mitjan\u00e7ant la bonificaci\u00f3 de l&#8217;IBI, escoles municipals, poliesportius i avantatges en aquelles iniciatives impulsades pel Consistori.<\/p>\n<p>Per part seua, Jos\u00e9 Manuel Prieto, es va comprometre \u201ca visibilitzar a aquest col\u00b7lectiu i recolzar-lo a trav\u00e9s de Serveis Socials, Inf\u00e0ncia i Educaci\u00f3 ja que les necessitats a les quals s&#8217;enfronten les fam\u00edlies monoparentals de la Safor s\u00f3n importants per a nosaltres\u201d. \u00a0Aix\u00ed mateix, va suggerir la possibilitat d&#8217;oferir cursos de formaci\u00f3 per a fam\u00edlies monoparentals i activitats l\u00fadiques que els ajuden a conciliar.<\/p>\n<p>La delegada de l&#8217;Associaci\u00f3 a la Safor, Amparo Gregori, advocada especialitzada en Dret de Fam\u00edlia, va recalcar la necessitat d&#8217;anar de la m\u00e0 per a ajudar a aquest col\u00b7lectiu \u201cja que la tasca de tirar avant a una fam\u00edlia en la seua situaci\u00f3 no \u00e9s senzilla i necessiten molta atenci\u00f3 en aspectes econ\u00f2mics, socials, en temes de conciliaci\u00f3 laboral, en assessorament legal i psicol\u00f2gic\u201d.<\/p>\n","protected":false},"excerpt":{"rendered":"<p>L&#8217;Associaci\u00f3 de Fam\u00edlies Monoparentals de la Comunitat Valenciana *Monofamilias es reuneix amb Jos\u00e9 Manuel Prieto *Part, alcalde de Gandia. 22 de febrer de 2022. En el dia d&#8217;ahir l&#8217;Associaci\u00f3 de Fam\u00edlies Monoparentals de la Comunitat Valenciana, *MONOFAMILIAS, es va reunir amb l&#8217;alcalde de Gandia i&#8230;<\/p>\n","protected":false},"author":4,"featured_media":2318,"comment_status":"open","ping_status":"open","sticky":false,"template":"","format":"standard","meta":{"om_disable_all_campaigns":false,"_mi_skip_tracking":false,"_monsterinsights_sitenote_active":false,"_monsterinsights_sitenote_note":"","_monsterinsights_sitenote_category":0,"footnotes":""},"categories":[16],"tags":[],"yoast_head":"<!-- This site is optimized with the Yoast SEO plugin v21.3 - https:\/\/yoast.com\/wordpress\/plugins\/seo\/ -->\n<title>Les fam\u00edlies monoparentals sol.liciten m\u00e9s suport institucional - Monofamilias<\/title>\n<meta name=\"robots\" content=\"index, follow, max-snippet:-1, max-image-preview:large, max-video-preview:-1\" \/>\n<link rel=\"canonical\" href=\"https:\/\/monofamilias.es\/val\/las-familias-monoparentales-solicitan-mas-apoyo-institucional\/\" \/>\n<meta property=\"og:locale\" content=\"en_US\" \/>\n<meta property=\"og:type\" content=\"article\" \/>\n<meta property=\"og:title\" content=\"Les fam\u00edlies monoparentals sol.liciten m\u00e9s suport institucional - Monofamilias\" \/>\n<meta property=\"og:description\" content=\"L&#8217;Associaci\u00f3 de Fam\u00edlies Monoparentals de la Comunitat Valenciana *Monofamilias es reuneix amb Jos\u00e9 Manuel Prieto *Part, alcalde de Gandia. 22 de febrer de 2022. En el dia d&#8217;ahir l&#8217;Associaci\u00f3 de Fam\u00edlies Monoparentals de la Comunitat Valenciana, *MONOFAMILIAS, es va reunir amb l&#8217;alcalde de Gandia i...\" \/>\n<meta property=\"og:url\" content=\"https:\/\/monofamilias.es\/val\/las-familias-monoparentales-solicitan-mas-apoyo-institucional\/\" \/>\n<meta property=\"og:site_name\" content=\"Monofamilias\" \/>\n<meta property=\"article:published_time\" content=\"2022-03-01T10:39:13+00:00\" \/>\n<meta property=\"article:modified_time\" content=\"2022-03-01T11:23:37+00:00\" \/>\n<meta property=\"og:image\" content=\"https:\/\/monofamilias.es\/wp-content\/uploads\/2022\/03\/seleccionada.jpg\" \/>\n\t<meta property=\"og:image:width\" content=\"1771\" \/>\n\t<meta property=\"og:image:height\" content=\"1235\" \/>\n\t<meta property=\"og:image:type\" content=\"image\/jpeg\" \/>\n<meta name=\"author\" content=\"maitane\" \/>\n<meta name=\"twitter:card\" content=\"summary_large_image\" \/>\n<meta name=\"twitter:label1\" content=\"Written by\" \/>\n\t<meta name=\"twitter:data1\" content=\"maitane\" \/>\n\t<meta name=\"twitter:label2\" content=\"Est. reading time\" \/>\n\t<meta name=\"twitter:data2\" content=\"2 minutes\" \/>\n<script type=\"application\/ld+json\" class=\"yoast-schema-graph\">{\"@context\":\"https:\/\/schema.org\",\"@graph\":[{\"@type\":\"Article\",\"@id\":\"https:\/\/monofamilias.es\/val\/las-familias-monoparentales-solicitan-mas-apoyo-institucional\/#article\",\"isPartOf\":{\"@id\":\"https:\/\/monofamilias.es\/val\/las-familias-monoparentales-solicitan-mas-apoyo-institucional\/\"},\"author\":{\"name\":\"maitane\",\"@id\":\"https:\/\/monofamilias.es\/#\/schema\/person\/9a965a646b8a867fd86d31037f046b36\"},\"headline\":\"Les fam\u00edlies monoparentals sol.liciten m\u00e9s suport institucional\",\"datePublished\":\"2022-03-01T10:39:13+00:00\",\"dateModified\":\"2022-03-01T11:23:37+00:00\",\"mainEntityOfPage\":{\"@id\":\"https:\/\/monofamilias.es\/val\/las-familias-monoparentales-solicitan-mas-apoyo-institucional\/\"},\"wordCount\":253,\"commentCount\":0,\"publisher\":{\"@id\":\"https:\/\/monofamilias.es\/#organization\"},\"articleSection\":[\"Not\u00edcies\"],\"inLanguage\":\"val\",\"potentialAction\":[{\"@type\":\"CommentAction\",\"name\":\"Comment\",\"target\":[\"https:\/\/monofamilias.es\/val\/las-familias-monoparentales-solicitan-mas-apoyo-institucional\/#respond\"]}]},{\"@type\":\"WebPage\",\"@id\":\"https:\/\/monofamilias.es\/val\/las-familias-monoparentales-solicitan-mas-apoyo-institucional\/\",\"url\":\"https:\/\/monofamilias.es\/val\/las-familias-monoparentales-solicitan-mas-apoyo-institucional\/\",\"name\":\"Les fam\u00edlies monoparentals sol.liciten m\u00e9s suport institucional - Monofamilias\",\"isPartOf\":{\"@id\":\"https:\/\/monofamilias.es\/#website\"},\"datePublished\":\"2022-03-01T10:39:13+00:00\",\"dateModified\":\"2022-03-01T11:23:37+00:00\",\"inLanguage\":\"val\",\"potentialAction\":[{\"@type\":\"ReadAction\",\"target\":[\"https:\/\/monofamilias.es\/val\/las-familias-monoparentales-solicitan-mas-apoyo-institucional\/\"]}]},{\"@type\":\"WebSite\",\"@id\":\"https:\/\/monofamilias.es\/#website\",\"url\":\"https:\/\/monofamilias.es\/\",\"name\":\"Monofamilias\",\"description\":\"Familias Monoparentales de la Comunidad Valenciana\",\"publisher\":{\"@id\":\"https:\/\/monofamilias.es\/#organization\"},\"potentialAction\":[{\"@type\":\"SearchAction\",\"target\":{\"@type\":\"EntryPoint\",\"urlTemplate\":\"https:\/\/monofamilias.es\/?s={search_term_string}\"},\"query-input\":\"required name=search_term_string\"}],\"inLanguage\":\"val\"},{\"@type\":\"Organization\",\"@id\":\"https:\/\/monofamilias.es\/#organization\",\"name\":\"Monofamilias\",\"url\":\"https:\/\/monofamilias.es\/\",\"logo\":{\"@type\":\"ImageObject\",\"inLanguage\":\"val\",\"@id\":\"https:\/\/monofamilias.es\/#\/schema\/logo\/image\/\",\"url\":\"https:\/\/monofamilias.es\/wp-content\/uploads\/2020\/04\/Familias-Monoparentales-Valencia-r.png\",\"contentUrl\":\"https:\/\/monofamilias.es\/wp-content\/uploads\/2020\/04\/Familias-Monoparentales-Valencia-r.png\",\"width\":900,\"height\":265,\"caption\":\"Monofamilias\"},\"image\":{\"@id\":\"https:\/\/monofamilias.es\/#\/schema\/logo\/image\/\"}},{\"@type\":\"Person\",\"@id\":\"https:\/\/monofamilias.es\/#\/schema\/person\/9a965a646b8a867fd86d31037f046b36\",\"name\":\"maitane\",\"image\":{\"@type\":\"ImageObject\",\"inLanguage\":\"val\",\"@id\":\"https:\/\/monofamilias.es\/#\/schema\/person\/image\/\",\"url\":\"https:\/\/secure.gravatar.com\/avatar\/b7638dd29123f85b95fcef8c32412ac8?s=96&d=mm&r=g\",\"contentUrl\":\"https:\/\/secure.gravatar.com\/avatar\/b7638dd29123f85b95fcef8c32412ac8?s=96&d=mm&r=g\",\"caption\":\"maitane\"},\"url\":\"https:\/\/monofamilias.es\/val\/author\/maitane\/\"}]}<\/script>\n<!-- \/ Yoast SEO plugin. -->","yoast_head_json":{"title":"Les fam\u00edlies monoparentals sol.liciten m\u00e9s suport institucional - Monofamilias","robots":{"index":"index","follow":"follow","max-snippet":"max-snippet:-1","max-image-preview":"max-image-preview:large","max-video-preview":"max-video-preview:-1"},"canonical":"https:\/\/monofamilias.es\/val\/las-familias-monoparentales-solicitan-mas-apoyo-institucional\/","og_locale":"en_US","og_type":"article","og_title":"Les fam\u00edlies monoparentals sol.liciten m\u00e9s suport institucional - Monofamilias","og_description":"L&#8217;Associaci\u00f3 de Fam\u00edlies Monoparentals de la Comunitat Valenciana *Monofamilias es reuneix amb Jos\u00e9 Manuel Prieto *Part, alcalde de Gandia. 22 de febrer de 2022. En el dia d&#8217;ahir l&#8217;Associaci\u00f3 de Fam\u00edlies Monoparentals de la Comunitat Valenciana, *MONOFAMILIAS, es va reunir amb l&#8217;alcalde de Gandia i...","og_url":"https:\/\/monofamilias.es\/val\/las-familias-monoparentales-solicitan-mas-apoyo-institucional\/","og_site_name":"Monofamilias","article_published_time":"2022-03-01T10:39:13+00:00","article_modified_time":"2022-03-01T11:23:37+00:00","og_image":[{"width":1771,"height":1235,"url":"https:\/\/monofamilias.es\/wp-content\/uploads\/2022\/03\/seleccionada.jpg","type":"image\/jpeg"}],"author":"maitane","twitter_card":"summary_large_image","twitter_misc":{"Written by":"maitane","Est. reading time":"2 minutes"},"schema":{"@context":"https:\/\/schema.org","@graph":[{"@type":"Article","@id":"https:\/\/monofamilias.es\/val\/las-familias-monoparentales-solicitan-mas-apoyo-institucional\/#article","isPartOf":{"@id":"https:\/\/monofamilias.es\/val\/las-familias-monoparentales-solicitan-mas-apoyo-institucional\/"},"author":{"name":"maitane","@id":"https:\/\/monofamilias.es\/#\/schema\/person\/9a965a646b8a867fd86d31037f046b36"},"headline":"Les fam\u00edlies monoparentals sol.liciten m\u00e9s suport institucional","datePublished":"2022-03-01T10:39:13+00:00","dateModified":"2022-03-01T11:23:37+00:00","mainEntityOfPage":{"@id":"https:\/\/monofamilias.es\/val\/las-familias-monoparentales-solicitan-mas-apoyo-institucional\/"},"wordCount":253,"commentCount":0,"publisher":{"@id":"https:\/\/monofamilias.es\/#organization"},"articleSection":["Not\u00edcies"],"inLanguage":"val","potentialAction":[{"@type":"CommentAction","name":"Comment","target":["https:\/\/monofamilias.es\/val\/las-familias-monoparentales-solicitan-mas-apoyo-institucional\/#respond"]}]},{"@type":"WebPage","@id":"https:\/\/monofamilias.es\/val\/las-familias-monoparentales-solicitan-mas-apoyo-institucional\/","url":"https:\/\/monofamilias.es\/val\/las-familias-monoparentales-solicitan-mas-apoyo-institucional\/","name":"Les fam\u00edlies monoparentals sol.liciten m\u00e9s suport institucional - Monofamilias","isPartOf":{"@id":"https:\/\/monofamilias.es\/#website"},"datePublished":"2022-03-01T10:39:13+00:00","dateModified":"2022-03-01T11:23:37+00:00","inLanguage":"val","potentialAction":[{"@type":"ReadAction","target":["https:\/\/monofamilias.es\/val\/las-familias-monoparentales-solicitan-mas-apoyo-institucional\/"]}]},{"@type":"WebSite","@id":"https:\/\/monofamilias.es\/#website","url":"https:\/\/monofamilias.es\/","name":"Monofamilias","description":"Familias Monoparentales de la Comunidad Valenciana","publisher":{"@id":"https:\/\/monofamilias.es\/#organization"},"potentialAction":[{"@type":"SearchAction","target":{"@type":"EntryPoint","urlTemplate":"https:\/\/monofamilias.es\/?s={search_term_string}"},"query-input":"required name=search_term_string"}],"inLanguage":"val"},{"@type":"Organization","@id":"https:\/\/monofamilias.es\/#organization","name":"Monofamilias","url":"https:\/\/monofamilias.es\/","logo":{"@type":"ImageObject","inLanguage":"val","@id":"https:\/\/monofamilias.es\/#\/schema\/logo\/image\/","url":"https:\/\/monofamilias.es\/wp-content\/uploads\/2020\/04\/Familias-Monoparentales-Valencia-r.png","contentUrl":"https:\/\/monofamilias.es\/wp-content\/uploads\/2020\/04\/Familias-Monoparentales-Valencia-r.png","width":900,"height":265,"caption":"Monofamilias"},"image":{"@id":"https:\/\/monofamilias.es\/#\/schema\/logo\/image\/"}},{"@type":"Person","@id":"https:\/\/monofamilias.es\/#\/schema\/person\/9a965a646b8a867fd86d31037f046b36","name":"maitane","image":{"@type":"ImageObject","inLanguage":"val","@id":"https:\/\/monofamilias.es\/#\/schema\/person\/image\/","url":"https:\/\/secure.gravatar.com\/avatar\/b7638dd29123f85b95fcef8c32412ac8?s=96&d=mm&r=g","contentUrl":"https:\/\/secure.gravatar.com\/avatar\/b7638dd29123f85b95fcef8c32412ac8?s=96&d=mm&r=g","caption":"maitane"},"url":"https:\/\/monofamilias.es\/val\/author\/maitane\/"}]}},"_links":{"self":[{"href":"https:\/\/monofamilias.es\/val\/wp-json\/wp\/v2\/posts\/2320"}],"collection":[{"href":"https:\/\/monofamilias.es\/val\/wp-json\/wp\/v2\/posts"}],"about":[{"href":"https:\/\/monofamilias.es\/val\/wp-json\/wp\/v2\/types\/post"}],"author":[{"embeddable":true,"href":"https:\/\/monofamilias.es\/val\/wp-json\/wp\/v2\/users\/4"}],"replies":[{"embeddable":true,"href":"https:\/\/monofamilias.es\/val\/wp-json\/wp\/v2\/comments?post=2320"}],"version-history":[{"count":4,"href":"https:\/\/monofamilias.es\/val\/wp-json\/wp\/v2\/posts\/2320\/revisions"}],"predecessor-version":[{"id":2324,"href":"https:\/\/monofamilias.es\/val\/wp-json\/wp\/v2\/posts\/2320\/revisions\/2324"}],"wp:featuredmedia":[{"embeddable":true,"href":"https:\/\/monofamilias.es\/val\/wp-json\/wp\/v2\/media\/2318"}],"wp:attachment":[{"href":"https:\/\/monofamilias.es\/val\/wp-json\/wp\/v2\/media?parent=2320"}],"wp:term":[{"taxonomy":"category","embeddable":true,"href":"https:\/\/monofamilias.es\/val\/wp-json\/wp\/v2\/categories?post=2320"},{"taxonomy":"post_tag","embeddable":true,"href":"https:\/\/monofamilias.es\/val\/wp-json\/wp\/v2\/tags?post=2320"}],"curies":[{"name":"wp","href":"https:\/\/api.w.org\/{rel}","templated":true}]}}