{"id":2660,"date":"2022-09-16T08:02:44","date_gmt":"2022-09-16T08:02:44","guid":{"rendered":"https:\/\/monofamilias.es\/?p=2660"},"modified":"2022-09-16T08:02:44","modified_gmt":"2022-09-16T08:02:44","slug":"assemblea-ordinaria-i-extraordinaria-monofamilias","status":"publish","type":"post","link":"https:\/\/monofamilias.es\/val\/assemblea-ordinaria-i-extraordinaria-monofamilias\/","title":{"rendered":"ASSEMBLEA ORDIN\u00c0RIA I EXTRAORDIN\u00c0RIA *MONOFAMILIAS"},"content":{"rendered":"<p>Convoquem a l&#8217;Assemblea Ordin\u00e0ria i Extraordin\u00e0ria de *MONOFAMILIAS que tindr\u00e0 lloc el pr\u00f2xim dia 26 de setembre, dilluns, a les 14,30 hores en primera convocat\u00f2ria, i a les 15,00 hores en segona, en la Fundaci\u00f3 *QUAES, situada al carrer Men\u00e9ndez i Pelayo n\u00fam. 25, baix de Val\u00e8ncia, d&#8217;acord amb el seg\u00fcent ordre del dia:<\/p>\n<p>1.\u00a0\u00a0\u00a0\u00a0Informe del president.<\/p>\n<p>2.\u00a0\u00a0\u00a0\u00a0Informe de la secretaria.<\/p>\n<p>3.\u00a0\u00a0\u00a0\u00a0Informe del tresorer i aprovaci\u00f3 dels comptes anuals del 2.021 i pressupost de 2.022.<\/p>\n<p>4.\u00a0\u00a0\u00a0\u00a0Dissoluci\u00f3 de l&#8217;actual Junta Directiva i presentaci\u00f3 de la nova candidatura per part de la presidenta en funcions.<\/p>\n<p>5.\u00a0\u00a0\u00a0\u00a0Clausura.<\/p>\n<p>Preguem l&#8217;assist\u00e8ncia a l&#8217;assemblea. En cas de no poder assistir s&#8217;ha d&#8217;emplenar la delegaci\u00f3 de vot en la presidenta o qualsevol altre membre de la Junta Directiva, la relaci\u00f3 de la qual est\u00e0 publicada en la web.<\/p>\n<p>Vull delegar el meu vot\u00a0ac\u00ed<\/p>\n","protected":false},"excerpt":{"rendered":"<p>Convoquem a l&#8217;Assemblea Ordin\u00e0ria i Extraordin\u00e0ria de *MONOFAMILIAS que tindr\u00e0 lloc el pr\u00f2xim dia 26 de setembre, dilluns, a les 14,30 hores en primera convocat\u00f2ria, i a les 15,00 hores en segona, en la Fundaci\u00f3 *QUAES, situada al carrer Men\u00e9ndez i Pelayo n\u00fam. 25, baix&#8230;<\/p>\n","protected":false},"author":4,"featured_media":2629,"comment_status":"open","ping_status":"open","sticky":false,"template":"","format":"standard","meta":{"om_disable_all_campaigns":false,"_mi_skip_tracking":false,"_monsterinsights_sitenote_active":false,"_monsterinsights_sitenote_note":"","_monsterinsights_sitenote_category":0,"footnotes":""},"categories":[16],"tags":[],"yoast_head":"<!-- This site is optimized with the Yoast SEO plugin v21.3 - https:\/\/yoast.com\/wordpress\/plugins\/seo\/ -->\n<title>ASSEMBLEA ORDIN\u00c0RIA I EXTRAORDIN\u00c0RIA *MONOFAMILIAS - Monofamilias<\/title>\n<meta name=\"robots\" content=\"index, follow, max-snippet:-1, max-image-preview:large, max-video-preview:-1\" \/>\n<link rel=\"canonical\" href=\"https:\/\/monofamilias.es\/val\/assemblea-ordinaria-i-extraordinaria-monofamilias\/\" \/>\n<meta property=\"og:locale\" content=\"en_US\" \/>\n<meta property=\"og:type\" content=\"article\" \/>\n<meta property=\"og:title\" content=\"ASSEMBLEA ORDIN\u00c0RIA I EXTRAORDIN\u00c0RIA *MONOFAMILIAS - Monofamilias\" \/>\n<meta property=\"og:description\" content=\"Convoquem a l&#8217;Assemblea Ordin\u00e0ria i Extraordin\u00e0ria de *MONOFAMILIAS que tindr\u00e0 lloc el pr\u00f2xim dia 26 de setembre, dilluns, a les 14,30 hores en primera convocat\u00f2ria, i a les 15,00 hores en segona, en la Fundaci\u00f3 *QUAES, situada al carrer Men\u00e9ndez i Pelayo n\u00fam. 25, baix...\" \/>\n<meta property=\"og:url\" content=\"https:\/\/monofamilias.es\/val\/assemblea-ordinaria-i-extraordinaria-monofamilias\/\" \/>\n<meta property=\"og:site_name\" content=\"Monofamilias\" \/>\n<meta property=\"article:published_time\" content=\"2022-09-16T08:02:44+00:00\" \/>\n<meta property=\"og:image\" content=\"https:\/\/monofamilias.es\/wp-content\/uploads\/2022\/09\/business-success-concept-on-wooden-table-top-view-hands-protecting-wooden-figures-of-people.jpg\" \/>\n\t<meta property=\"og:image:width\" content=\"1500\" \/>\n\t<meta property=\"og:image:height\" content=\"1000\" \/>\n\t<meta property=\"og:image:type\" content=\"image\/jpeg\" \/>\n<meta name=\"author\" content=\"maitane\" \/>\n<meta name=\"twitter:card\" content=\"summary_large_image\" \/>\n<meta name=\"twitter:label1\" content=\"Written by\" \/>\n\t<meta name=\"twitter:data1\" content=\"maitane\" \/>\n\t<meta name=\"twitter:label2\" content=\"Est. reading time\" \/>\n\t<meta name=\"twitter:data2\" content=\"1 minute\" \/>\n<script type=\"application\/ld+json\" class=\"yoast-schema-graph\">{\"@context\":\"https:\/\/schema.org\",\"@graph\":[{\"@type\":\"Article\",\"@id\":\"https:\/\/monofamilias.es\/val\/assemblea-ordinaria-i-extraordinaria-monofamilias\/#article\",\"isPartOf\":{\"@id\":\"https:\/\/monofamilias.es\/val\/assemblea-ordinaria-i-extraordinaria-monofamilias\/\"},\"author\":{\"name\":\"maitane\",\"@id\":\"https:\/\/monofamilias.es\/#\/schema\/person\/9a965a646b8a867fd86d31037f046b36\"},\"headline\":\"ASSEMBLEA ORDIN\u00c0RIA I EXTRAORDIN\u00c0RIA *MONOFAMILIAS\",\"datePublished\":\"2022-09-16T08:02:44+00:00\",\"dateModified\":\"2022-09-16T08:02:44+00:00\",\"mainEntityOfPage\":{\"@id\":\"https:\/\/monofamilias.es\/val\/assemblea-ordinaria-i-extraordinaria-monofamilias\/\"},\"wordCount\":147,\"commentCount\":0,\"publisher\":{\"@id\":\"https:\/\/monofamilias.es\/#organization\"},\"articleSection\":[\"Not\u00edcies\"],\"inLanguage\":\"val\",\"potentialAction\":[{\"@type\":\"CommentAction\",\"name\":\"Comment\",\"target\":[\"https:\/\/monofamilias.es\/val\/assemblea-ordinaria-i-extraordinaria-monofamilias\/#respond\"]}]},{\"@type\":\"WebPage\",\"@id\":\"https:\/\/monofamilias.es\/val\/assemblea-ordinaria-i-extraordinaria-monofamilias\/\",\"url\":\"https:\/\/monofamilias.es\/val\/assemblea-ordinaria-i-extraordinaria-monofamilias\/\",\"name\":\"ASSEMBLEA ORDIN\u00c0RIA I EXTRAORDIN\u00c0RIA *MONOFAMILIAS - Monofamilias\",\"isPartOf\":{\"@id\":\"https:\/\/monofamilias.es\/#website\"},\"datePublished\":\"2022-09-16T08:02:44+00:00\",\"dateModified\":\"2022-09-16T08:02:44+00:00\",\"inLanguage\":\"val\",\"potentialAction\":[{\"@type\":\"ReadAction\",\"target\":[\"https:\/\/monofamilias.es\/val\/assemblea-ordinaria-i-extraordinaria-monofamilias\/\"]}]},{\"@type\":\"WebSite\",\"@id\":\"https:\/\/monofamilias.es\/#website\",\"url\":\"https:\/\/monofamilias.es\/\",\"name\":\"Monofamilias\",\"description\":\"Familias Monoparentales de la Comunidad Valenciana\",\"publisher\":{\"@id\":\"https:\/\/monofamilias.es\/#organization\"},\"potentialAction\":[{\"@type\":\"SearchAction\",\"target\":{\"@type\":\"EntryPoint\",\"urlTemplate\":\"https:\/\/monofamilias.es\/?s={search_term_string}\"},\"query-input\":\"required name=search_term_string\"}],\"inLanguage\":\"val\"},{\"@type\":\"Organization\",\"@id\":\"https:\/\/monofamilias.es\/#organization\",\"name\":\"Monofamilias\",\"url\":\"https:\/\/monofamilias.es\/\",\"logo\":{\"@type\":\"ImageObject\",\"inLanguage\":\"val\",\"@id\":\"https:\/\/monofamilias.es\/#\/schema\/logo\/image\/\",\"url\":\"https:\/\/monofamilias.es\/wp-content\/uploads\/2020\/04\/Familias-Monoparentales-Valencia-r.png\",\"contentUrl\":\"https:\/\/monofamilias.es\/wp-content\/uploads\/2020\/04\/Familias-Monoparentales-Valencia-r.png\",\"width\":900,\"height\":265,\"caption\":\"Monofamilias\"},\"image\":{\"@id\":\"https:\/\/monofamilias.es\/#\/schema\/logo\/image\/\"}},{\"@type\":\"Person\",\"@id\":\"https:\/\/monofamilias.es\/#\/schema\/person\/9a965a646b8a867fd86d31037f046b36\",\"name\":\"maitane\",\"image\":{\"@type\":\"ImageObject\",\"inLanguage\":\"val\",\"@id\":\"https:\/\/monofamilias.es\/#\/schema\/person\/image\/\",\"url\":\"https:\/\/secure.gravatar.com\/avatar\/b7638dd29123f85b95fcef8c32412ac8?s=96&d=mm&r=g\",\"contentUrl\":\"https:\/\/secure.gravatar.com\/avatar\/b7638dd29123f85b95fcef8c32412ac8?s=96&d=mm&r=g\",\"caption\":\"maitane\"},\"url\":\"https:\/\/monofamilias.es\/val\/author\/maitane\/\"}]}<\/script>\n<!-- \/ Yoast SEO plugin. -->","yoast_head_json":{"title":"ASSEMBLEA ORDIN\u00c0RIA I EXTRAORDIN\u00c0RIA *MONOFAMILIAS - Monofamilias","robots":{"index":"index","follow":"follow","max-snippet":"max-snippet:-1","max-image-preview":"max-image-preview:large","max-video-preview":"max-video-preview:-1"},"canonical":"https:\/\/monofamilias.es\/val\/assemblea-ordinaria-i-extraordinaria-monofamilias\/","og_locale":"en_US","og_type":"article","og_title":"ASSEMBLEA ORDIN\u00c0RIA I EXTRAORDIN\u00c0RIA *MONOFAMILIAS - Monofamilias","og_description":"Convoquem a l&#8217;Assemblea Ordin\u00e0ria i Extraordin\u00e0ria de *MONOFAMILIAS que tindr\u00e0 lloc el pr\u00f2xim dia 26 de setembre, dilluns, a les 14,30 hores en primera convocat\u00f2ria, i a les 15,00 hores en segona, en la Fundaci\u00f3 *QUAES, situada al carrer Men\u00e9ndez i Pelayo n\u00fam. 25, baix...","og_url":"https:\/\/monofamilias.es\/val\/assemblea-ordinaria-i-extraordinaria-monofamilias\/","og_site_name":"Monofamilias","article_published_time":"2022-09-16T08:02:44+00:00","og_image":[{"width":1500,"height":1000,"url":"https:\/\/monofamilias.es\/wp-content\/uploads\/2022\/09\/business-success-concept-on-wooden-table-top-view-hands-protecting-wooden-figures-of-people.jpg","type":"image\/jpeg"}],"author":"maitane","twitter_card":"summary_large_image","twitter_misc":{"Written by":"maitane","Est. reading time":"1 minute"},"schema":{"@context":"https:\/\/schema.org","@graph":[{"@type":"Article","@id":"https:\/\/monofamilias.es\/val\/assemblea-ordinaria-i-extraordinaria-monofamilias\/#article","isPartOf":{"@id":"https:\/\/monofamilias.es\/val\/assemblea-ordinaria-i-extraordinaria-monofamilias\/"},"author":{"name":"maitane","@id":"https:\/\/monofamilias.es\/#\/schema\/person\/9a965a646b8a867fd86d31037f046b36"},"headline":"ASSEMBLEA ORDIN\u00c0RIA I EXTRAORDIN\u00c0RIA *MONOFAMILIAS","datePublished":"2022-09-16T08:02:44+00:00","dateModified":"2022-09-16T08:02:44+00:00","mainEntityOfPage":{"@id":"https:\/\/monofamilias.es\/val\/assemblea-ordinaria-i-extraordinaria-monofamilias\/"},"wordCount":147,"commentCount":0,"publisher":{"@id":"https:\/\/monofamilias.es\/#organization"},"articleSection":["Not\u00edcies"],"inLanguage":"val","potentialAction":[{"@type":"CommentAction","name":"Comment","target":["https:\/\/monofamilias.es\/val\/assemblea-ordinaria-i-extraordinaria-monofamilias\/#respond"]}]},{"@type":"WebPage","@id":"https:\/\/monofamilias.es\/val\/assemblea-ordinaria-i-extraordinaria-monofamilias\/","url":"https:\/\/monofamilias.es\/val\/assemblea-ordinaria-i-extraordinaria-monofamilias\/","name":"ASSEMBLEA ORDIN\u00c0RIA I EXTRAORDIN\u00c0RIA *MONOFAMILIAS - Monofamilias","isPartOf":{"@id":"https:\/\/monofamilias.es\/#website"},"datePublished":"2022-09-16T08:02:44+00:00","dateModified":"2022-09-16T08:02:44+00:00","inLanguage":"val","potentialAction":[{"@type":"ReadAction","target":["https:\/\/monofamilias.es\/val\/assemblea-ordinaria-i-extraordinaria-monofamilias\/"]}]},{"@type":"WebSite","@id":"https:\/\/monofamilias.es\/#website","url":"https:\/\/monofamilias.es\/","name":"Monofamilias","description":"Familias Monoparentales de la Comunidad Valenciana","publisher":{"@id":"https:\/\/monofamilias.es\/#organization"},"potentialAction":[{"@type":"SearchAction","target":{"@type":"EntryPoint","urlTemplate":"https:\/\/monofamilias.es\/?s={search_term_string}"},"query-input":"required name=search_term_string"}],"inLanguage":"val"},{"@type":"Organization","@id":"https:\/\/monofamilias.es\/#organization","name":"Monofamilias","url":"https:\/\/monofamilias.es\/","logo":{"@type":"ImageObject","inLanguage":"val","@id":"https:\/\/monofamilias.es\/#\/schema\/logo\/image\/","url":"https:\/\/monofamilias.es\/wp-content\/uploads\/2020\/04\/Familias-Monoparentales-Valencia-r.png","contentUrl":"https:\/\/monofamilias.es\/wp-content\/uploads\/2020\/04\/Familias-Monoparentales-Valencia-r.png","width":900,"height":265,"caption":"Monofamilias"},"image":{"@id":"https:\/\/monofamilias.es\/#\/schema\/logo\/image\/"}},{"@type":"Person","@id":"https:\/\/monofamilias.es\/#\/schema\/person\/9a965a646b8a867fd86d31037f046b36","name":"maitane","image":{"@type":"ImageObject","inLanguage":"val","@id":"https:\/\/monofamilias.es\/#\/schema\/person\/image\/","url":"https:\/\/secure.gravatar.com\/avatar\/b7638dd29123f85b95fcef8c32412ac8?s=96&d=mm&r=g","contentUrl":"https:\/\/secure.gravatar.com\/avatar\/b7638dd29123f85b95fcef8c32412ac8?s=96&d=mm&r=g","caption":"maitane"},"url":"https:\/\/monofamilias.es\/val\/author\/maitane\/"}]}},"_links":{"self":[{"href":"https:\/\/monofamilias.es\/val\/wp-json\/wp\/v2\/posts\/2660"}],"collection":[{"href":"https:\/\/monofamilias.es\/val\/wp-json\/wp\/v2\/posts"}],"about":[{"href":"https:\/\/monofamilias.es\/val\/wp-json\/wp\/v2\/types\/post"}],"author":[{"embeddable":true,"href":"https:\/\/monofamilias.es\/val\/wp-json\/wp\/v2\/users\/4"}],"replies":[{"embeddable":true,"href":"https:\/\/monofamilias.es\/val\/wp-json\/wp\/v2\/comments?post=2660"}],"version-history":[{"count":1,"href":"https:\/\/monofamilias.es\/val\/wp-json\/wp\/v2\/posts\/2660\/revisions"}],"predecessor-version":[{"id":2661,"href":"https:\/\/monofamilias.es\/val\/wp-json\/wp\/v2\/posts\/2660\/revisions\/2661"}],"wp:featuredmedia":[{"embeddable":true,"href":"https:\/\/monofamilias.es\/val\/wp-json\/wp\/v2\/media\/2629"}],"wp:attachment":[{"href":"https:\/\/monofamilias.es\/val\/wp-json\/wp\/v2\/media?parent=2660"}],"wp:term":[{"taxonomy":"category","embeddable":true,"href":"https:\/\/monofamilias.es\/val\/wp-json\/wp\/v2\/categories?post=2660"},{"taxonomy":"post_tag","embeddable":true,"href":"https:\/\/monofamilias.es\/val\/wp-json\/wp\/v2\/tags?post=2660"}],"curies":[{"name":"wp","href":"https:\/\/api.w.org\/{rel}","templated":true}]}}