{"id":2694,"date":"2022-10-06T09:28:07","date_gmt":"2022-10-06T09:28:07","guid":{"rendered":"https:\/\/monofamilias.es\/?p=2694"},"modified":"2022-10-06T09:28:07","modified_gmt":"2022-10-06T09:28:07","slug":"acord-entre-monofamilias-i-la-fundacio-quaes","status":"publish","type":"post","link":"https:\/\/monofamilias.es\/val\/acord-entre-monofamilias-i-la-fundacio-quaes\/","title":{"rendered":"Acord entre *Monofamilias i la Fundaci\u00f3 *Quaes"},"content":{"rendered":"<p>L&#8217;acord de col\u00b7laboraci\u00f3 entre *MONOFAMILIAS, FAM\u00cdLIES MONOPARENTALS DE LA COMUNITAT VALENCIANA i la Fundaci\u00f3 *QUAES contempla les seg\u00fcents l\u00ednies de col\u00b7laboraci\u00f3 seran les seg\u00fcents:<\/p>\n<ol>\n<li>D&#8217;investigaci\u00f3 m\u00e8dica i biom\u00e8dica, per a avan\u00e7ar en la prevenci\u00f3, el diagn\u00f2stic preco\u00e7 i tractament de la malaltia.<\/li>\n<li>Formaci\u00f3, per a ajudar els pacients a aprofundir en el coneixement de la seua malaltia.<\/li>\n<li>Divulgaci\u00f3 i difusi\u00f3 dels avan\u00e7os cient\u00edfics.<\/li>\n<li>Autoritzaci\u00f3 d&#8217;\u00fas de les instal\u00b7lacions de la Fundaci\u00f3 *QUAES als *asocios de *MONOFAMILIAS, FAM\u00cdLIES MONOPARENTALS DE LA COMUNITAT VALENCIANA per a organitzaci\u00f3 de reunions, tallers, seminaris, confer\u00e8ncies, consultes, etc.<\/li>\n<li>Col\u00b7laboraci\u00f3 cient\u00edfica en els Congressos i Jornades en les quals participe.<\/li>\n<li>Establir relacions, convenis amb altres Associacions a Espanya.<\/li>\n<li>Establir relacions amb societats cient\u00edfiques i altres entitats els fins de les quals estiguen relacionats amb la millora de la salut de la persones afectades i els seus familiars.<\/li>\n<li>Activar la comunicaci\u00f3 amb els *asocios de *MONOFAMILIAS, FAM\u00cdLIES MONOPARENTALS DE LA COMUNITAT VALENCIANA a trav\u00e9s de la p\u00e0gina WEB de les Parts.<\/li>\n<li>La col\u00b7laboraci\u00f3 a desenvolupar en cadascuna de les \u00e0rees exposades requerir\u00e0 l&#8217;establiment dels pactes espec\u00edfics per a aix\u00f2, pels quals quedar\u00e0 establida i regulada aquesta col\u00b7laboraci\u00f3 en cadascuna de les parcel\u00b7les que es convinga.<\/li>\n<li>Descompte en proves m\u00e8diques en les cl\u00edniques *ASCIRES<\/li>\n<\/ol>\n<p>Per a ampliar la informaci\u00f3 no dubtes a contactar amb *MONOFAMILIAS<\/p>\n","protected":false},"excerpt":{"rendered":"<p>L&#8217;acord de col\u00b7laboraci\u00f3 entre *MONOFAMILIAS, FAM\u00cdLIES MONOPARENTALS DE LA COMUNITAT VALENCIANA i la Fundaci\u00f3 *QUAES contempla les seg\u00fcents l\u00ednies de col\u00b7laboraci\u00f3 seran les seg\u00fcents: D&#8217;investigaci\u00f3 m\u00e8dica i biom\u00e8dica, per a avan\u00e7ar en la prevenci\u00f3, el diagn\u00f2stic preco\u00e7 i tractament de la malaltia. Formaci\u00f3, per a&#8230;<\/p>\n","protected":false},"author":4,"featured_media":2690,"comment_status":"open","ping_status":"open","sticky":false,"template":"","format":"standard","meta":{"om_disable_all_campaigns":false,"_mi_skip_tracking":false,"_monsterinsights_sitenote_active":false,"_monsterinsights_sitenote_note":"","_monsterinsights_sitenote_category":0,"footnotes":""},"categories":[16],"tags":[],"yoast_head":"<!-- This site is optimized with the Yoast SEO plugin v21.3 - https:\/\/yoast.com\/wordpress\/plugins\/seo\/ -->\n<title>Acord entre *Monofamilias i la Fundaci\u00f3 *Quaes - Monofamilias<\/title>\n<meta name=\"robots\" content=\"index, follow, max-snippet:-1, max-image-preview:large, max-video-preview:-1\" \/>\n<link rel=\"canonical\" href=\"https:\/\/monofamilias.es\/val\/acord-entre-monofamilias-i-la-fundacio-quaes\/\" \/>\n<meta property=\"og:locale\" content=\"en_US\" \/>\n<meta property=\"og:type\" content=\"article\" \/>\n<meta property=\"og:title\" content=\"Acord entre *Monofamilias i la Fundaci\u00f3 *Quaes - Monofamilias\" \/>\n<meta property=\"og:description\" content=\"L&#8217;acord de col\u00b7laboraci\u00f3 entre *MONOFAMILIAS, FAM\u00cdLIES MONOPARENTALS DE LA COMUNITAT VALENCIANA i la Fundaci\u00f3 *QUAES contempla les seg\u00fcents l\u00ednies de col\u00b7laboraci\u00f3 seran les seg\u00fcents: D&#8217;investigaci\u00f3 m\u00e8dica i biom\u00e8dica, per a avan\u00e7ar en la prevenci\u00f3, el diagn\u00f2stic preco\u00e7 i tractament de la malaltia. Formaci\u00f3, per a...\" \/>\n<meta property=\"og:url\" content=\"https:\/\/monofamilias.es\/val\/acord-entre-monofamilias-i-la-fundacio-quaes\/\" \/>\n<meta property=\"og:site_name\" content=\"Monofamilias\" \/>\n<meta property=\"article:published_time\" content=\"2022-10-06T09:28:07+00:00\" \/>\n<meta property=\"og:image\" content=\"https:\/\/monofamilias.es\/wp-content\/uploads\/2022\/10\/Foto-acuerdo-Fundacion-Quaes.jpeg\" \/>\n\t<meta property=\"og:image:width\" content=\"1200\" \/>\n\t<meta property=\"og:image:height\" content=\"1269\" \/>\n\t<meta property=\"og:image:type\" content=\"image\/jpeg\" \/>\n<meta name=\"author\" content=\"maitane\" \/>\n<meta name=\"twitter:card\" content=\"summary_large_image\" \/>\n<meta name=\"twitter:label1\" content=\"Written by\" \/>\n\t<meta name=\"twitter:data1\" content=\"maitane\" \/>\n\t<meta name=\"twitter:label2\" content=\"Est. reading time\" \/>\n\t<meta name=\"twitter:data2\" content=\"1 minute\" \/>\n<script type=\"application\/ld+json\" class=\"yoast-schema-graph\">{\"@context\":\"https:\/\/schema.org\",\"@graph\":[{\"@type\":\"Article\",\"@id\":\"https:\/\/monofamilias.es\/val\/acord-entre-monofamilias-i-la-fundacio-quaes\/#article\",\"isPartOf\":{\"@id\":\"https:\/\/monofamilias.es\/val\/acord-entre-monofamilias-i-la-fundacio-quaes\/\"},\"author\":{\"name\":\"maitane\",\"@id\":\"https:\/\/monofamilias.es\/#\/schema\/person\/9a965a646b8a867fd86d31037f046b36\"},\"headline\":\"Acord entre *Monofamilias i la Fundaci\u00f3 *Quaes\",\"datePublished\":\"2022-10-06T09:28:07+00:00\",\"dateModified\":\"2022-10-06T09:28:07+00:00\",\"mainEntityOfPage\":{\"@id\":\"https:\/\/monofamilias.es\/val\/acord-entre-monofamilias-i-la-fundacio-quaes\/\"},\"wordCount\":251,\"commentCount\":0,\"publisher\":{\"@id\":\"https:\/\/monofamilias.es\/#organization\"},\"articleSection\":[\"Not\u00edcies\"],\"inLanguage\":\"val\",\"potentialAction\":[{\"@type\":\"CommentAction\",\"name\":\"Comment\",\"target\":[\"https:\/\/monofamilias.es\/val\/acord-entre-monofamilias-i-la-fundacio-quaes\/#respond\"]}]},{\"@type\":\"WebPage\",\"@id\":\"https:\/\/monofamilias.es\/val\/acord-entre-monofamilias-i-la-fundacio-quaes\/\",\"url\":\"https:\/\/monofamilias.es\/val\/acord-entre-monofamilias-i-la-fundacio-quaes\/\",\"name\":\"Acord entre *Monofamilias i la Fundaci\u00f3 *Quaes - Monofamilias\",\"isPartOf\":{\"@id\":\"https:\/\/monofamilias.es\/#website\"},\"datePublished\":\"2022-10-06T09:28:07+00:00\",\"dateModified\":\"2022-10-06T09:28:07+00:00\",\"inLanguage\":\"val\",\"potentialAction\":[{\"@type\":\"ReadAction\",\"target\":[\"https:\/\/monofamilias.es\/val\/acord-entre-monofamilias-i-la-fundacio-quaes\/\"]}]},{\"@type\":\"WebSite\",\"@id\":\"https:\/\/monofamilias.es\/#website\",\"url\":\"https:\/\/monofamilias.es\/\",\"name\":\"Monofamilias\",\"description\":\"Familias Monoparentales de la Comunidad Valenciana\",\"publisher\":{\"@id\":\"https:\/\/monofamilias.es\/#organization\"},\"potentialAction\":[{\"@type\":\"SearchAction\",\"target\":{\"@type\":\"EntryPoint\",\"urlTemplate\":\"https:\/\/monofamilias.es\/?s={search_term_string}\"},\"query-input\":\"required name=search_term_string\"}],\"inLanguage\":\"val\"},{\"@type\":\"Organization\",\"@id\":\"https:\/\/monofamilias.es\/#organization\",\"name\":\"Monofamilias\",\"url\":\"https:\/\/monofamilias.es\/\",\"logo\":{\"@type\":\"ImageObject\",\"inLanguage\":\"val\",\"@id\":\"https:\/\/monofamilias.es\/#\/schema\/logo\/image\/\",\"url\":\"https:\/\/monofamilias.es\/wp-content\/uploads\/2020\/04\/Familias-Monoparentales-Valencia-r.png\",\"contentUrl\":\"https:\/\/monofamilias.es\/wp-content\/uploads\/2020\/04\/Familias-Monoparentales-Valencia-r.png\",\"width\":900,\"height\":265,\"caption\":\"Monofamilias\"},\"image\":{\"@id\":\"https:\/\/monofamilias.es\/#\/schema\/logo\/image\/\"}},{\"@type\":\"Person\",\"@id\":\"https:\/\/monofamilias.es\/#\/schema\/person\/9a965a646b8a867fd86d31037f046b36\",\"name\":\"maitane\",\"image\":{\"@type\":\"ImageObject\",\"inLanguage\":\"val\",\"@id\":\"https:\/\/monofamilias.es\/#\/schema\/person\/image\/\",\"url\":\"https:\/\/secure.gravatar.com\/avatar\/b7638dd29123f85b95fcef8c32412ac8?s=96&d=mm&r=g\",\"contentUrl\":\"https:\/\/secure.gravatar.com\/avatar\/b7638dd29123f85b95fcef8c32412ac8?s=96&d=mm&r=g\",\"caption\":\"maitane\"},\"url\":\"https:\/\/monofamilias.es\/val\/author\/maitane\/\"}]}<\/script>\n<!-- \/ Yoast SEO plugin. -->","yoast_head_json":{"title":"Acord entre *Monofamilias i la Fundaci\u00f3 *Quaes - Monofamilias","robots":{"index":"index","follow":"follow","max-snippet":"max-snippet:-1","max-image-preview":"max-image-preview:large","max-video-preview":"max-video-preview:-1"},"canonical":"https:\/\/monofamilias.es\/val\/acord-entre-monofamilias-i-la-fundacio-quaes\/","og_locale":"en_US","og_type":"article","og_title":"Acord entre *Monofamilias i la Fundaci\u00f3 *Quaes - Monofamilias","og_description":"L&#8217;acord de col\u00b7laboraci\u00f3 entre *MONOFAMILIAS, FAM\u00cdLIES MONOPARENTALS DE LA COMUNITAT VALENCIANA i la Fundaci\u00f3 *QUAES contempla les seg\u00fcents l\u00ednies de col\u00b7laboraci\u00f3 seran les seg\u00fcents: D&#8217;investigaci\u00f3 m\u00e8dica i biom\u00e8dica, per a avan\u00e7ar en la prevenci\u00f3, el diagn\u00f2stic preco\u00e7 i tractament de la malaltia. Formaci\u00f3, per a...","og_url":"https:\/\/monofamilias.es\/val\/acord-entre-monofamilias-i-la-fundacio-quaes\/","og_site_name":"Monofamilias","article_published_time":"2022-10-06T09:28:07+00:00","og_image":[{"width":1200,"height":1269,"url":"https:\/\/monofamilias.es\/wp-content\/uploads\/2022\/10\/Foto-acuerdo-Fundacion-Quaes.jpeg","type":"image\/jpeg"}],"author":"maitane","twitter_card":"summary_large_image","twitter_misc":{"Written by":"maitane","Est. reading time":"1 minute"},"schema":{"@context":"https:\/\/schema.org","@graph":[{"@type":"Article","@id":"https:\/\/monofamilias.es\/val\/acord-entre-monofamilias-i-la-fundacio-quaes\/#article","isPartOf":{"@id":"https:\/\/monofamilias.es\/val\/acord-entre-monofamilias-i-la-fundacio-quaes\/"},"author":{"name":"maitane","@id":"https:\/\/monofamilias.es\/#\/schema\/person\/9a965a646b8a867fd86d31037f046b36"},"headline":"Acord entre *Monofamilias i la Fundaci\u00f3 *Quaes","datePublished":"2022-10-06T09:28:07+00:00","dateModified":"2022-10-06T09:28:07+00:00","mainEntityOfPage":{"@id":"https:\/\/monofamilias.es\/val\/acord-entre-monofamilias-i-la-fundacio-quaes\/"},"wordCount":251,"commentCount":0,"publisher":{"@id":"https:\/\/monofamilias.es\/#organization"},"articleSection":["Not\u00edcies"],"inLanguage":"val","potentialAction":[{"@type":"CommentAction","name":"Comment","target":["https:\/\/monofamilias.es\/val\/acord-entre-monofamilias-i-la-fundacio-quaes\/#respond"]}]},{"@type":"WebPage","@id":"https:\/\/monofamilias.es\/val\/acord-entre-monofamilias-i-la-fundacio-quaes\/","url":"https:\/\/monofamilias.es\/val\/acord-entre-monofamilias-i-la-fundacio-quaes\/","name":"Acord entre *Monofamilias i la Fundaci\u00f3 *Quaes - Monofamilias","isPartOf":{"@id":"https:\/\/monofamilias.es\/#website"},"datePublished":"2022-10-06T09:28:07+00:00","dateModified":"2022-10-06T09:28:07+00:00","inLanguage":"val","potentialAction":[{"@type":"ReadAction","target":["https:\/\/monofamilias.es\/val\/acord-entre-monofamilias-i-la-fundacio-quaes\/"]}]},{"@type":"WebSite","@id":"https:\/\/monofamilias.es\/#website","url":"https:\/\/monofamilias.es\/","name":"Monofamilias","description":"Familias Monoparentales de la Comunidad Valenciana","publisher":{"@id":"https:\/\/monofamilias.es\/#organization"},"potentialAction":[{"@type":"SearchAction","target":{"@type":"EntryPoint","urlTemplate":"https:\/\/monofamilias.es\/?s={search_term_string}"},"query-input":"required name=search_term_string"}],"inLanguage":"val"},{"@type":"Organization","@id":"https:\/\/monofamilias.es\/#organization","name":"Monofamilias","url":"https:\/\/monofamilias.es\/","logo":{"@type":"ImageObject","inLanguage":"val","@id":"https:\/\/monofamilias.es\/#\/schema\/logo\/image\/","url":"https:\/\/monofamilias.es\/wp-content\/uploads\/2020\/04\/Familias-Monoparentales-Valencia-r.png","contentUrl":"https:\/\/monofamilias.es\/wp-content\/uploads\/2020\/04\/Familias-Monoparentales-Valencia-r.png","width":900,"height":265,"caption":"Monofamilias"},"image":{"@id":"https:\/\/monofamilias.es\/#\/schema\/logo\/image\/"}},{"@type":"Person","@id":"https:\/\/monofamilias.es\/#\/schema\/person\/9a965a646b8a867fd86d31037f046b36","name":"maitane","image":{"@type":"ImageObject","inLanguage":"val","@id":"https:\/\/monofamilias.es\/#\/schema\/person\/image\/","url":"https:\/\/secure.gravatar.com\/avatar\/b7638dd29123f85b95fcef8c32412ac8?s=96&d=mm&r=g","contentUrl":"https:\/\/secure.gravatar.com\/avatar\/b7638dd29123f85b95fcef8c32412ac8?s=96&d=mm&r=g","caption":"maitane"},"url":"https:\/\/monofamilias.es\/val\/author\/maitane\/"}]}},"_links":{"self":[{"href":"https:\/\/monofamilias.es\/val\/wp-json\/wp\/v2\/posts\/2694"}],"collection":[{"href":"https:\/\/monofamilias.es\/val\/wp-json\/wp\/v2\/posts"}],"about":[{"href":"https:\/\/monofamilias.es\/val\/wp-json\/wp\/v2\/types\/post"}],"author":[{"embeddable":true,"href":"https:\/\/monofamilias.es\/val\/wp-json\/wp\/v2\/users\/4"}],"replies":[{"embeddable":true,"href":"https:\/\/monofamilias.es\/val\/wp-json\/wp\/v2\/comments?post=2694"}],"version-history":[{"count":2,"href":"https:\/\/monofamilias.es\/val\/wp-json\/wp\/v2\/posts\/2694\/revisions"}],"predecessor-version":[{"id":2696,"href":"https:\/\/monofamilias.es\/val\/wp-json\/wp\/v2\/posts\/2694\/revisions\/2696"}],"wp:featuredmedia":[{"embeddable":true,"href":"https:\/\/monofamilias.es\/val\/wp-json\/wp\/v2\/media\/2690"}],"wp:attachment":[{"href":"https:\/\/monofamilias.es\/val\/wp-json\/wp\/v2\/media?parent=2694"}],"wp:term":[{"taxonomy":"category","embeddable":true,"href":"https:\/\/monofamilias.es\/val\/wp-json\/wp\/v2\/categories?post=2694"},{"taxonomy":"post_tag","embeddable":true,"href":"https:\/\/monofamilias.es\/val\/wp-json\/wp\/v2\/tags?post=2694"}],"curies":[{"name":"wp","href":"https:\/\/api.w.org\/{rel}","templated":true}]}}