{"id":2986,"date":"2023-01-19T06:27:03","date_gmt":"2023-01-19T06:27:03","guid":{"rendered":"https:\/\/monofamilias.es\/registro-de-grupos-de-interes-de-la-generalitat-regia\/"},"modified":"2023-01-27T06:36:21","modified_gmt":"2023-01-27T06:36:21","slug":"registro-de-grupos-de-interes-de-la-generalitat-regia","status":"publish","type":"post","link":"https:\/\/monofamilias.es\/val\/registro-de-grupos-de-interes-de-la-generalitat-regia\/","title":{"rendered":"Monofamilias, en el Registre de Grups d&#8217;Inter\u00e9s de la Generalitat (R\u00c8GIA)"},"content":{"rendered":"<p class=\"p1\">Monofamilias ja est\u00e0 inscrita en el Registre de Grups d&#8217;Inter\u00e9s de la Generalitat (R\u00c8GIA) en el qual <strong>\u00e9s necessari estar inscrit per a poder realitzar activitat d&#8217;influ\u00e8ncia.<\/strong><\/p>\n<p class=\"p1\">El REGIA \u00e9s el registre que facilita la identificaci\u00f3 i el control de l&#8217;activitat d&#8217;influ\u00e8ncia que realitzen els grups d&#8217;inter\u00e9s. Els grups d&#8217;inter\u00e9s s\u00f3n les persones jur\u00eddiques, entitats i organitzacions, i en els casos previstos per la llei les persones f\u00edsiques, que <strong>mantenen comunicacions per a influir en la presa de decisions p\u00fabliques.<\/strong><\/p>\n<p class=\"p3\">Han d&#8217;inscriure&#8217;s les persones i les organitzacions que tinguen previst contactar o reunir-se amb c\u00e0rrecs p\u00fablics o amb personal de la Generalitat, <strong>per a tractar d&#8217;influir en les decisions que vagen a adoptar.<\/strong><\/p>\n<p class=\"p3\">Per tant, el que obliga a inscriure&#8217;s \u00e9s la pretensi\u00f3 d&#8217;influir en la presa de decisions p\u00fabliques, en l&#8217;aplicaci\u00f3 o posada en marxa de pol\u00edtiques p\u00fabliques o en l&#8217;elaboraci\u00f3 de normes, a favor d&#8217;interessos propis (o de tercers), mitjan\u00e7ant l&#8217;establiment de qualsevol tipus de comunicaci\u00f3 amb les persones responsables d&#8217;adoptar tals decisions. .<\/p>\n","protected":false},"excerpt":{"rendered":"<p>Monofamilias ja est\u00e0 inscrita en el Registre de Grups d&#8217;Inter\u00e9s de la Generalitat (R\u00c8GIA) en el qual \u00e9s necessari estar inscrit per a poder realitzar activitat d&#8217;influ\u00e8ncia. El REGIA \u00e9s el registre que facilita la identificaci\u00f3 i el control de l&#8217;activitat d&#8217;influ\u00e8ncia que realitzen els&#8230;<\/p>\n","protected":false},"author":1,"featured_media":2985,"comment_status":"open","ping_status":"open","sticky":false,"template":"","format":"standard","meta":{"om_disable_all_campaigns":false,"_mi_skip_tracking":false,"_monsterinsights_sitenote_active":false,"_monsterinsights_sitenote_note":"","_monsterinsights_sitenote_category":0,"footnotes":""},"categories":[16],"tags":[],"yoast_head":"<!-- This site is optimized with the Yoast SEO plugin v21.3 - https:\/\/yoast.com\/wordpress\/plugins\/seo\/ -->\n<title>Monofamilias en REGIA, el Registre de Grups d&#039;Inter\u00e9s de la Generalitat<\/title>\n<meta name=\"description\" content=\"Monofamilias ja est\u00e0 inscrita en el REGIA en el qual \u00e9s necessari estar inscrit per a poder realitzar activitat d&#039;influ\u00e8ncia.\" \/>\n<meta name=\"robots\" content=\"index, follow, max-snippet:-1, max-image-preview:large, max-video-preview:-1\" \/>\n<link rel=\"canonical\" href=\"https:\/\/monofamilias.es\/val\/registro-de-grupos-de-interes-de-la-generalitat-regia\/\" \/>\n<meta property=\"og:locale\" content=\"en_US\" \/>\n<meta property=\"og:type\" content=\"article\" \/>\n<meta property=\"og:title\" content=\"Monofamilias en REGIA, el Registre de Grups d&#039;Inter\u00e9s de la Generalitat\" \/>\n<meta property=\"og:description\" content=\"Monofamilias ja est\u00e0 inscrita en el REGIA en el qual \u00e9s necessari estar inscrit per a poder realitzar activitat d&#039;influ\u00e8ncia.\" \/>\n<meta property=\"og:url\" content=\"https:\/\/monofamilias.es\/val\/registro-de-grupos-de-interes-de-la-generalitat-regia\/\" \/>\n<meta property=\"og:site_name\" content=\"Monofamilias\" \/>\n<meta property=\"article:published_time\" content=\"2023-01-19T06:27:03+00:00\" \/>\n<meta property=\"article:modified_time\" content=\"2023-01-27T06:36:21+00:00\" \/>\n<meta property=\"og:image\" content=\"https:\/\/monofamilias.es\/wp-content\/uploads\/2023\/01\/regia-monofamilias.jpg\" \/>\n\t<meta property=\"og:image:width\" content=\"800\" \/>\n\t<meta property=\"og:image:height\" content=\"600\" \/>\n\t<meta property=\"og:image:type\" content=\"image\/jpeg\" \/>\n<meta name=\"author\" content=\"admin\" \/>\n<meta name=\"twitter:card\" content=\"summary_large_image\" \/>\n<meta name=\"twitter:label1\" content=\"Written by\" \/>\n\t<meta name=\"twitter:data1\" content=\"admin\" \/>\n\t<meta name=\"twitter:label2\" content=\"Est. reading time\" \/>\n\t<meta name=\"twitter:data2\" content=\"1 minute\" \/>\n<script type=\"application\/ld+json\" class=\"yoast-schema-graph\">{\"@context\":\"https:\/\/schema.org\",\"@graph\":[{\"@type\":\"Article\",\"@id\":\"https:\/\/monofamilias.es\/val\/registro-de-grupos-de-interes-de-la-generalitat-regia\/#article\",\"isPartOf\":{\"@id\":\"https:\/\/monofamilias.es\/val\/registro-de-grupos-de-interes-de-la-generalitat-regia\/\"},\"author\":{\"name\":\"admin\",\"@id\":\"https:\/\/monofamilias.es\/#\/schema\/person\/961568664e0baeb3a12b8e45b313bff8\"},\"headline\":\"Monofamilias, en el Registre de Grups d&#8217;Inter\u00e9s de la Generalitat (R\u00c8GIA)\",\"datePublished\":\"2023-01-19T06:27:03+00:00\",\"dateModified\":\"2023-01-27T06:36:21+00:00\",\"mainEntityOfPage\":{\"@id\":\"https:\/\/monofamilias.es\/val\/registro-de-grupos-de-interes-de-la-generalitat-regia\/\"},\"wordCount\":194,\"commentCount\":0,\"publisher\":{\"@id\":\"https:\/\/monofamilias.es\/#organization\"},\"articleSection\":[\"Not\u00edcies\"],\"inLanguage\":\"val\",\"potentialAction\":[{\"@type\":\"CommentAction\",\"name\":\"Comment\",\"target\":[\"https:\/\/monofamilias.es\/val\/registro-de-grupos-de-interes-de-la-generalitat-regia\/#respond\"]}]},{\"@type\":\"WebPage\",\"@id\":\"https:\/\/monofamilias.es\/val\/registro-de-grupos-de-interes-de-la-generalitat-regia\/\",\"url\":\"https:\/\/monofamilias.es\/val\/registro-de-grupos-de-interes-de-la-generalitat-regia\/\",\"name\":\"Monofamilias en REGIA, el Registre de Grups d'Inter\u00e9s de la Generalitat\",\"isPartOf\":{\"@id\":\"https:\/\/monofamilias.es\/#website\"},\"datePublished\":\"2023-01-19T06:27:03+00:00\",\"dateModified\":\"2023-01-27T06:36:21+00:00\",\"description\":\"Monofamilias ja est\u00e0 inscrita en el REGIA en el qual \u00e9s necessari estar inscrit per a poder realitzar activitat d'influ\u00e8ncia.\",\"inLanguage\":\"val\",\"potentialAction\":[{\"@type\":\"ReadAction\",\"target\":[\"https:\/\/monofamilias.es\/val\/registro-de-grupos-de-interes-de-la-generalitat-regia\/\"]}]},{\"@type\":\"WebSite\",\"@id\":\"https:\/\/monofamilias.es\/#website\",\"url\":\"https:\/\/monofamilias.es\/\",\"name\":\"Monofamilias\",\"description\":\"Familias Monoparentales de la Comunidad Valenciana\",\"publisher\":{\"@id\":\"https:\/\/monofamilias.es\/#organization\"},\"potentialAction\":[{\"@type\":\"SearchAction\",\"target\":{\"@type\":\"EntryPoint\",\"urlTemplate\":\"https:\/\/monofamilias.es\/?s={search_term_string}\"},\"query-input\":\"required name=search_term_string\"}],\"inLanguage\":\"val\"},{\"@type\":\"Organization\",\"@id\":\"https:\/\/monofamilias.es\/#organization\",\"name\":\"Monofamilias\",\"url\":\"https:\/\/monofamilias.es\/\",\"logo\":{\"@type\":\"ImageObject\",\"inLanguage\":\"val\",\"@id\":\"https:\/\/monofamilias.es\/#\/schema\/logo\/image\/\",\"url\":\"https:\/\/monofamilias.es\/wp-content\/uploads\/2020\/04\/Familias-Monoparentales-Valencia-r.png\",\"contentUrl\":\"https:\/\/monofamilias.es\/wp-content\/uploads\/2020\/04\/Familias-Monoparentales-Valencia-r.png\",\"width\":900,\"height\":265,\"caption\":\"Monofamilias\"},\"image\":{\"@id\":\"https:\/\/monofamilias.es\/#\/schema\/logo\/image\/\"}},{\"@type\":\"Person\",\"@id\":\"https:\/\/monofamilias.es\/#\/schema\/person\/961568664e0baeb3a12b8e45b313bff8\",\"name\":\"admin\",\"image\":{\"@type\":\"ImageObject\",\"inLanguage\":\"val\",\"@id\":\"https:\/\/monofamilias.es\/#\/schema\/person\/image\/\",\"url\":\"https:\/\/secure.gravatar.com\/avatar\/2613d9fa59c366ebe9f8883f2a7887f5?s=96&d=mm&r=g\",\"contentUrl\":\"https:\/\/secure.gravatar.com\/avatar\/2613d9fa59c366ebe9f8883f2a7887f5?s=96&d=mm&r=g\",\"caption\":\"admin\"},\"url\":\"https:\/\/monofamilias.es\/val\/author\/administra\/\"}]}<\/script>\n<!-- \/ Yoast SEO plugin. -->","yoast_head_json":{"title":"Monofamilias en REGIA, el Registre de Grups d'Inter\u00e9s de la Generalitat","description":"Monofamilias ja est\u00e0 inscrita en el REGIA en el qual \u00e9s necessari estar inscrit per a poder realitzar activitat d'influ\u00e8ncia.","robots":{"index":"index","follow":"follow","max-snippet":"max-snippet:-1","max-image-preview":"max-image-preview:large","max-video-preview":"max-video-preview:-1"},"canonical":"https:\/\/monofamilias.es\/val\/registro-de-grupos-de-interes-de-la-generalitat-regia\/","og_locale":"en_US","og_type":"article","og_title":"Monofamilias en REGIA, el Registre de Grups d'Inter\u00e9s de la Generalitat","og_description":"Monofamilias ja est\u00e0 inscrita en el REGIA en el qual \u00e9s necessari estar inscrit per a poder realitzar activitat d'influ\u00e8ncia.","og_url":"https:\/\/monofamilias.es\/val\/registro-de-grupos-de-interes-de-la-generalitat-regia\/","og_site_name":"Monofamilias","article_published_time":"2023-01-19T06:27:03+00:00","article_modified_time":"2023-01-27T06:36:21+00:00","og_image":[{"width":800,"height":600,"url":"https:\/\/monofamilias.es\/wp-content\/uploads\/2023\/01\/regia-monofamilias.jpg","type":"image\/jpeg"}],"author":"admin","twitter_card":"summary_large_image","twitter_misc":{"Written by":"admin","Est. reading time":"1 minute"},"schema":{"@context":"https:\/\/schema.org","@graph":[{"@type":"Article","@id":"https:\/\/monofamilias.es\/val\/registro-de-grupos-de-interes-de-la-generalitat-regia\/#article","isPartOf":{"@id":"https:\/\/monofamilias.es\/val\/registro-de-grupos-de-interes-de-la-generalitat-regia\/"},"author":{"name":"admin","@id":"https:\/\/monofamilias.es\/#\/schema\/person\/961568664e0baeb3a12b8e45b313bff8"},"headline":"Monofamilias, en el Registre de Grups d&#8217;Inter\u00e9s de la Generalitat (R\u00c8GIA)","datePublished":"2023-01-19T06:27:03+00:00","dateModified":"2023-01-27T06:36:21+00:00","mainEntityOfPage":{"@id":"https:\/\/monofamilias.es\/val\/registro-de-grupos-de-interes-de-la-generalitat-regia\/"},"wordCount":194,"commentCount":0,"publisher":{"@id":"https:\/\/monofamilias.es\/#organization"},"articleSection":["Not\u00edcies"],"inLanguage":"val","potentialAction":[{"@type":"CommentAction","name":"Comment","target":["https:\/\/monofamilias.es\/val\/registro-de-grupos-de-interes-de-la-generalitat-regia\/#respond"]}]},{"@type":"WebPage","@id":"https:\/\/monofamilias.es\/val\/registro-de-grupos-de-interes-de-la-generalitat-regia\/","url":"https:\/\/monofamilias.es\/val\/registro-de-grupos-de-interes-de-la-generalitat-regia\/","name":"Monofamilias en REGIA, el Registre de Grups d'Inter\u00e9s de la Generalitat","isPartOf":{"@id":"https:\/\/monofamilias.es\/#website"},"datePublished":"2023-01-19T06:27:03+00:00","dateModified":"2023-01-27T06:36:21+00:00","description":"Monofamilias ja est\u00e0 inscrita en el REGIA en el qual \u00e9s necessari estar inscrit per a poder realitzar activitat d'influ\u00e8ncia.","inLanguage":"val","potentialAction":[{"@type":"ReadAction","target":["https:\/\/monofamilias.es\/val\/registro-de-grupos-de-interes-de-la-generalitat-regia\/"]}]},{"@type":"WebSite","@id":"https:\/\/monofamilias.es\/#website","url":"https:\/\/monofamilias.es\/","name":"Monofamilias","description":"Familias Monoparentales de la Comunidad Valenciana","publisher":{"@id":"https:\/\/monofamilias.es\/#organization"},"potentialAction":[{"@type":"SearchAction","target":{"@type":"EntryPoint","urlTemplate":"https:\/\/monofamilias.es\/?s={search_term_string}"},"query-input":"required name=search_term_string"}],"inLanguage":"val"},{"@type":"Organization","@id":"https:\/\/monofamilias.es\/#organization","name":"Monofamilias","url":"https:\/\/monofamilias.es\/","logo":{"@type":"ImageObject","inLanguage":"val","@id":"https:\/\/monofamilias.es\/#\/schema\/logo\/image\/","url":"https:\/\/monofamilias.es\/wp-content\/uploads\/2020\/04\/Familias-Monoparentales-Valencia-r.png","contentUrl":"https:\/\/monofamilias.es\/wp-content\/uploads\/2020\/04\/Familias-Monoparentales-Valencia-r.png","width":900,"height":265,"caption":"Monofamilias"},"image":{"@id":"https:\/\/monofamilias.es\/#\/schema\/logo\/image\/"}},{"@type":"Person","@id":"https:\/\/monofamilias.es\/#\/schema\/person\/961568664e0baeb3a12b8e45b313bff8","name":"admin","image":{"@type":"ImageObject","inLanguage":"val","@id":"https:\/\/monofamilias.es\/#\/schema\/person\/image\/","url":"https:\/\/secure.gravatar.com\/avatar\/2613d9fa59c366ebe9f8883f2a7887f5?s=96&d=mm&r=g","contentUrl":"https:\/\/secure.gravatar.com\/avatar\/2613d9fa59c366ebe9f8883f2a7887f5?s=96&d=mm&r=g","caption":"admin"},"url":"https:\/\/monofamilias.es\/val\/author\/administra\/"}]}},"_links":{"self":[{"href":"https:\/\/monofamilias.es\/val\/wp-json\/wp\/v2\/posts\/2986"}],"collection":[{"href":"https:\/\/monofamilias.es\/val\/wp-json\/wp\/v2\/posts"}],"about":[{"href":"https:\/\/monofamilias.es\/val\/wp-json\/wp\/v2\/types\/post"}],"author":[{"embeddable":true,"href":"https:\/\/monofamilias.es\/val\/wp-json\/wp\/v2\/users\/1"}],"replies":[{"embeddable":true,"href":"https:\/\/monofamilias.es\/val\/wp-json\/wp\/v2\/comments?post=2986"}],"version-history":[{"count":1,"href":"https:\/\/monofamilias.es\/val\/wp-json\/wp\/v2\/posts\/2986\/revisions"}],"predecessor-version":[{"id":2987,"href":"https:\/\/monofamilias.es\/val\/wp-json\/wp\/v2\/posts\/2986\/revisions\/2987"}],"wp:featuredmedia":[{"embeddable":true,"href":"https:\/\/monofamilias.es\/val\/wp-json\/wp\/v2\/media\/2985"}],"wp:attachment":[{"href":"https:\/\/monofamilias.es\/val\/wp-json\/wp\/v2\/media?parent=2986"}],"wp:term":[{"taxonomy":"category","embeddable":true,"href":"https:\/\/monofamilias.es\/val\/wp-json\/wp\/v2\/categories?post=2986"},{"taxonomy":"post_tag","embeddable":true,"href":"https:\/\/monofamilias.es\/val\/wp-json\/wp\/v2\/tags?post=2986"}],"curies":[{"name":"wp","href":"https:\/\/api.w.org\/{rel}","templated":true}]}}