{"id":3317,"date":"2023-05-18T18:24:22","date_gmt":"2023-05-18T18:24:22","guid":{"rendered":"https:\/\/monofamilias.es\/?p=3317"},"modified":"2023-05-18T18:24:22","modified_gmt":"2023-05-18T18:24:22","slug":"mindful-park-mindfulnes-pilates-i-desdejuni-saludable","status":"publish","type":"post","link":"https:\/\/monofamilias.es\/val\/mindful-park-mindfulnes-pilates-i-desdejuni-saludable\/","title":{"rendered":"Mindful-Park &#8220;Mindfulnes-pilates i desdejuni saludable&#8221;"},"content":{"rendered":"<p>Dissabte que ve dia 20 de maig de 10.00 h a 13.00 en el Pont d&#8217;Assot\u00a0 Syndeo Val\u00e8ncia al costat de Monofamilias ofereix el MINDFUL-PARK. Un esdeveniment per a:<br \/>\nIniciar-te en la pr\u00e0ctica del Mindfulness<br \/>\nConsolidar l&#8217;h\u00e0bit i incorporar-lo en la teua rutina<br \/>\nConnectar amb la naturalesa<br \/>\nRecuperar la calma f\u00edsica i mental mitjan\u00e7ant pilates<br \/>\nGaudir d&#8217;un desdejuni saludable<br \/>\nUs esperem per a re-connectar<br \/>\nInscripcions en Info@monofamilias.es o telefonant al 657 664 536<\/p>\n","protected":false},"excerpt":{"rendered":"<p>Dissabte que ve dia 20 de maig de 10.00 h a 13.00 en el Pont d&#8217;Assot\u00a0 Syndeo Val\u00e8ncia al costat de Monofamilias ofereix el MINDFUL-PARK. Un esdeveniment per a: Iniciar-te en la pr\u00e0ctica del Mindfulness Consolidar l&#8217;h\u00e0bit i incorporar-lo en la teua rutina Connectar amb&#8230;<\/p>\n","protected":false},"author":4,"featured_media":3313,"comment_status":"open","ping_status":"open","sticky":false,"template":"","format":"standard","meta":{"om_disable_all_campaigns":false,"_mi_skip_tracking":false,"_monsterinsights_sitenote_active":false,"_monsterinsights_sitenote_note":"","_monsterinsights_sitenote_category":0,"footnotes":""},"categories":[17],"tags":[],"yoast_head":"<!-- This site is optimized with the Yoast SEO plugin v21.3 - https:\/\/yoast.com\/wordpress\/plugins\/seo\/ -->\n<title>Mindful-Park &quot;Mindfulnes-pilates i desdejuni saludable&quot; - Monofamilias<\/title>\n<meta name=\"robots\" content=\"index, follow, max-snippet:-1, max-image-preview:large, max-video-preview:-1\" \/>\n<link rel=\"canonical\" href=\"https:\/\/monofamilias.es\/val\/mindful-park-mindfulnes-pilates-i-desdejuni-saludable\/\" \/>\n<meta property=\"og:locale\" content=\"en_US\" \/>\n<meta property=\"og:type\" content=\"article\" \/>\n<meta property=\"og:title\" content=\"Mindful-Park &quot;Mindfulnes-pilates i desdejuni saludable&quot; - Monofamilias\" \/>\n<meta property=\"og:description\" content=\"Dissabte que ve dia 20 de maig de 10.00 h a 13.00 en el Pont d&#8217;Assot\u00a0 Syndeo Val\u00e8ncia al costat de Monofamilias ofereix el MINDFUL-PARK. Un esdeveniment per a: Iniciar-te en la pr\u00e0ctica del Mindfulness Consolidar l&#8217;h\u00e0bit i incorporar-lo en la teua rutina Connectar amb...\" \/>\n<meta property=\"og:url\" content=\"https:\/\/monofamilias.es\/val\/mindful-park-mindfulnes-pilates-i-desdejuni-saludable\/\" \/>\n<meta property=\"og:site_name\" content=\"Monofamilias\" \/>\n<meta property=\"article:published_time\" content=\"2023-05-18T18:24:22+00:00\" \/>\n<meta property=\"og:image\" content=\"https:\/\/monofamilias.es\/wp-content\/uploads\/2023\/05\/mindful-park.jpg\" \/>\n\t<meta property=\"og:image:width\" content=\"1080\" \/>\n\t<meta property=\"og:image:height\" content=\"1350\" \/>\n\t<meta property=\"og:image:type\" content=\"image\/jpeg\" \/>\n<meta name=\"author\" content=\"maitane\" \/>\n<meta name=\"twitter:card\" content=\"summary_large_image\" \/>\n<meta name=\"twitter:label1\" content=\"Written by\" \/>\n\t<meta name=\"twitter:data1\" content=\"maitane\" \/>\n\t<meta name=\"twitter:label2\" content=\"Est. reading time\" \/>\n\t<meta name=\"twitter:data2\" content=\"1 minute\" \/>\n<script type=\"application\/ld+json\" class=\"yoast-schema-graph\">{\"@context\":\"https:\/\/schema.org\",\"@graph\":[{\"@type\":\"Article\",\"@id\":\"https:\/\/monofamilias.es\/val\/mindful-park-mindfulnes-pilates-i-desdejuni-saludable\/#article\",\"isPartOf\":{\"@id\":\"https:\/\/monofamilias.es\/val\/mindful-park-mindfulnes-pilates-i-desdejuni-saludable\/\"},\"author\":{\"name\":\"maitane\",\"@id\":\"https:\/\/monofamilias.es\/#\/schema\/person\/9a965a646b8a867fd86d31037f046b36\"},\"headline\":\"Mindful-Park &#8220;Mindfulnes-pilates i desdejuni saludable&#8221;\",\"datePublished\":\"2023-05-18T18:24:22+00:00\",\"dateModified\":\"2023-05-18T18:24:22+00:00\",\"mainEntityOfPage\":{\"@id\":\"https:\/\/monofamilias.es\/val\/mindful-park-mindfulnes-pilates-i-desdejuni-saludable\/\"},\"wordCount\":79,\"commentCount\":0,\"publisher\":{\"@id\":\"https:\/\/monofamilias.es\/#organization\"},\"articleSection\":[\"Activitats\"],\"inLanguage\":\"val\",\"potentialAction\":[{\"@type\":\"CommentAction\",\"name\":\"Comment\",\"target\":[\"https:\/\/monofamilias.es\/val\/mindful-park-mindfulnes-pilates-i-desdejuni-saludable\/#respond\"]}]},{\"@type\":\"WebPage\",\"@id\":\"https:\/\/monofamilias.es\/val\/mindful-park-mindfulnes-pilates-i-desdejuni-saludable\/\",\"url\":\"https:\/\/monofamilias.es\/val\/mindful-park-mindfulnes-pilates-i-desdejuni-saludable\/\",\"name\":\"Mindful-Park \\\"Mindfulnes-pilates i desdejuni saludable\\\" - Monofamilias\",\"isPartOf\":{\"@id\":\"https:\/\/monofamilias.es\/#website\"},\"datePublished\":\"2023-05-18T18:24:22+00:00\",\"dateModified\":\"2023-05-18T18:24:22+00:00\",\"inLanguage\":\"val\",\"potentialAction\":[{\"@type\":\"ReadAction\",\"target\":[\"https:\/\/monofamilias.es\/val\/mindful-park-mindfulnes-pilates-i-desdejuni-saludable\/\"]}]},{\"@type\":\"WebSite\",\"@id\":\"https:\/\/monofamilias.es\/#website\",\"url\":\"https:\/\/monofamilias.es\/\",\"name\":\"Monofamilias\",\"description\":\"Familias Monoparentales de la Comunidad Valenciana\",\"publisher\":{\"@id\":\"https:\/\/monofamilias.es\/#organization\"},\"potentialAction\":[{\"@type\":\"SearchAction\",\"target\":{\"@type\":\"EntryPoint\",\"urlTemplate\":\"https:\/\/monofamilias.es\/?s={search_term_string}\"},\"query-input\":\"required name=search_term_string\"}],\"inLanguage\":\"val\"},{\"@type\":\"Organization\",\"@id\":\"https:\/\/monofamilias.es\/#organization\",\"name\":\"Monofamilias\",\"url\":\"https:\/\/monofamilias.es\/\",\"logo\":{\"@type\":\"ImageObject\",\"inLanguage\":\"val\",\"@id\":\"https:\/\/monofamilias.es\/#\/schema\/logo\/image\/\",\"url\":\"https:\/\/monofamilias.es\/wp-content\/uploads\/2020\/04\/Familias-Monoparentales-Valencia-r.png\",\"contentUrl\":\"https:\/\/monofamilias.es\/wp-content\/uploads\/2020\/04\/Familias-Monoparentales-Valencia-r.png\",\"width\":900,\"height\":265,\"caption\":\"Monofamilias\"},\"image\":{\"@id\":\"https:\/\/monofamilias.es\/#\/schema\/logo\/image\/\"}},{\"@type\":\"Person\",\"@id\":\"https:\/\/monofamilias.es\/#\/schema\/person\/9a965a646b8a867fd86d31037f046b36\",\"name\":\"maitane\",\"image\":{\"@type\":\"ImageObject\",\"inLanguage\":\"val\",\"@id\":\"https:\/\/monofamilias.es\/#\/schema\/person\/image\/\",\"url\":\"https:\/\/secure.gravatar.com\/avatar\/b7638dd29123f85b95fcef8c32412ac8?s=96&d=mm&r=g\",\"contentUrl\":\"https:\/\/secure.gravatar.com\/avatar\/b7638dd29123f85b95fcef8c32412ac8?s=96&d=mm&r=g\",\"caption\":\"maitane\"},\"url\":\"https:\/\/monofamilias.es\/val\/author\/maitane\/\"}]}<\/script>\n<!-- \/ Yoast SEO plugin. -->","yoast_head_json":{"title":"Mindful-Park \"Mindfulnes-pilates i desdejuni saludable\" - Monofamilias","robots":{"index":"index","follow":"follow","max-snippet":"max-snippet:-1","max-image-preview":"max-image-preview:large","max-video-preview":"max-video-preview:-1"},"canonical":"https:\/\/monofamilias.es\/val\/mindful-park-mindfulnes-pilates-i-desdejuni-saludable\/","og_locale":"en_US","og_type":"article","og_title":"Mindful-Park \"Mindfulnes-pilates i desdejuni saludable\" - Monofamilias","og_description":"Dissabte que ve dia 20 de maig de 10.00 h a 13.00 en el Pont d&#8217;Assot\u00a0 Syndeo Val\u00e8ncia al costat de Monofamilias ofereix el MINDFUL-PARK. Un esdeveniment per a: Iniciar-te en la pr\u00e0ctica del Mindfulness Consolidar l&#8217;h\u00e0bit i incorporar-lo en la teua rutina Connectar amb...","og_url":"https:\/\/monofamilias.es\/val\/mindful-park-mindfulnes-pilates-i-desdejuni-saludable\/","og_site_name":"Monofamilias","article_published_time":"2023-05-18T18:24:22+00:00","og_image":[{"width":1080,"height":1350,"url":"https:\/\/monofamilias.es\/wp-content\/uploads\/2023\/05\/mindful-park.jpg","type":"image\/jpeg"}],"author":"maitane","twitter_card":"summary_large_image","twitter_misc":{"Written by":"maitane","Est. reading time":"1 minute"},"schema":{"@context":"https:\/\/schema.org","@graph":[{"@type":"Article","@id":"https:\/\/monofamilias.es\/val\/mindful-park-mindfulnes-pilates-i-desdejuni-saludable\/#article","isPartOf":{"@id":"https:\/\/monofamilias.es\/val\/mindful-park-mindfulnes-pilates-i-desdejuni-saludable\/"},"author":{"name":"maitane","@id":"https:\/\/monofamilias.es\/#\/schema\/person\/9a965a646b8a867fd86d31037f046b36"},"headline":"Mindful-Park &#8220;Mindfulnes-pilates i desdejuni saludable&#8221;","datePublished":"2023-05-18T18:24:22+00:00","dateModified":"2023-05-18T18:24:22+00:00","mainEntityOfPage":{"@id":"https:\/\/monofamilias.es\/val\/mindful-park-mindfulnes-pilates-i-desdejuni-saludable\/"},"wordCount":79,"commentCount":0,"publisher":{"@id":"https:\/\/monofamilias.es\/#organization"},"articleSection":["Activitats"],"inLanguage":"val","potentialAction":[{"@type":"CommentAction","name":"Comment","target":["https:\/\/monofamilias.es\/val\/mindful-park-mindfulnes-pilates-i-desdejuni-saludable\/#respond"]}]},{"@type":"WebPage","@id":"https:\/\/monofamilias.es\/val\/mindful-park-mindfulnes-pilates-i-desdejuni-saludable\/","url":"https:\/\/monofamilias.es\/val\/mindful-park-mindfulnes-pilates-i-desdejuni-saludable\/","name":"Mindful-Park \"Mindfulnes-pilates i desdejuni saludable\" - Monofamilias","isPartOf":{"@id":"https:\/\/monofamilias.es\/#website"},"datePublished":"2023-05-18T18:24:22+00:00","dateModified":"2023-05-18T18:24:22+00:00","inLanguage":"val","potentialAction":[{"@type":"ReadAction","target":["https:\/\/monofamilias.es\/val\/mindful-park-mindfulnes-pilates-i-desdejuni-saludable\/"]}]},{"@type":"WebSite","@id":"https:\/\/monofamilias.es\/#website","url":"https:\/\/monofamilias.es\/","name":"Monofamilias","description":"Familias Monoparentales de la Comunidad Valenciana","publisher":{"@id":"https:\/\/monofamilias.es\/#organization"},"potentialAction":[{"@type":"SearchAction","target":{"@type":"EntryPoint","urlTemplate":"https:\/\/monofamilias.es\/?s={search_term_string}"},"query-input":"required name=search_term_string"}],"inLanguage":"val"},{"@type":"Organization","@id":"https:\/\/monofamilias.es\/#organization","name":"Monofamilias","url":"https:\/\/monofamilias.es\/","logo":{"@type":"ImageObject","inLanguage":"val","@id":"https:\/\/monofamilias.es\/#\/schema\/logo\/image\/","url":"https:\/\/monofamilias.es\/wp-content\/uploads\/2020\/04\/Familias-Monoparentales-Valencia-r.png","contentUrl":"https:\/\/monofamilias.es\/wp-content\/uploads\/2020\/04\/Familias-Monoparentales-Valencia-r.png","width":900,"height":265,"caption":"Monofamilias"},"image":{"@id":"https:\/\/monofamilias.es\/#\/schema\/logo\/image\/"}},{"@type":"Person","@id":"https:\/\/monofamilias.es\/#\/schema\/person\/9a965a646b8a867fd86d31037f046b36","name":"maitane","image":{"@type":"ImageObject","inLanguage":"val","@id":"https:\/\/monofamilias.es\/#\/schema\/person\/image\/","url":"https:\/\/secure.gravatar.com\/avatar\/b7638dd29123f85b95fcef8c32412ac8?s=96&d=mm&r=g","contentUrl":"https:\/\/secure.gravatar.com\/avatar\/b7638dd29123f85b95fcef8c32412ac8?s=96&d=mm&r=g","caption":"maitane"},"url":"https:\/\/monofamilias.es\/val\/author\/maitane\/"}]}},"_links":{"self":[{"href":"https:\/\/monofamilias.es\/val\/wp-json\/wp\/v2\/posts\/3317"}],"collection":[{"href":"https:\/\/monofamilias.es\/val\/wp-json\/wp\/v2\/posts"}],"about":[{"href":"https:\/\/monofamilias.es\/val\/wp-json\/wp\/v2\/types\/post"}],"author":[{"embeddable":true,"href":"https:\/\/monofamilias.es\/val\/wp-json\/wp\/v2\/users\/4"}],"replies":[{"embeddable":true,"href":"https:\/\/monofamilias.es\/val\/wp-json\/wp\/v2\/comments?post=3317"}],"version-history":[{"count":1,"href":"https:\/\/monofamilias.es\/val\/wp-json\/wp\/v2\/posts\/3317\/revisions"}],"predecessor-version":[{"id":3318,"href":"https:\/\/monofamilias.es\/val\/wp-json\/wp\/v2\/posts\/3317\/revisions\/3318"}],"wp:featuredmedia":[{"embeddable":true,"href":"https:\/\/monofamilias.es\/val\/wp-json\/wp\/v2\/media\/3313"}],"wp:attachment":[{"href":"https:\/\/monofamilias.es\/val\/wp-json\/wp\/v2\/media?parent=3317"}],"wp:term":[{"taxonomy":"category","embeddable":true,"href":"https:\/\/monofamilias.es\/val\/wp-json\/wp\/v2\/categories?post=3317"},{"taxonomy":"post_tag","embeddable":true,"href":"https:\/\/monofamilias.es\/val\/wp-json\/wp\/v2\/tags?post=3317"}],"curies":[{"name":"wp","href":"https:\/\/api.w.org\/{rel}","templated":true}]}}