{"id":3451,"date":"2023-06-26T06:50:46","date_gmt":"2023-06-26T06:50:46","guid":{"rendered":"https:\/\/monofamilias.es\/monofamilias-crea-el-reto-vuelta-al-cole-solidaria\/"},"modified":"2023-06-27T04:42:52","modified_gmt":"2023-06-27T04:42:52","slug":"monofamilias-crea-el-reto-vuelta-al-cole-solidaria","status":"publish","type":"post","link":"https:\/\/monofamilias.es\/val\/monofamilias-crea-el-reto-vuelta-al-cole-solidaria\/","title":{"rendered":"Monofamilias crea el repte &#8220;Tornada al Col\u00b7le Solid\u00e0ria&#8221;"},"content":{"rendered":"<p>T&#8217;imagines la tornada al col\u00b7le sense llibretes, *bolis, motxilla, etc.? Les fam\u00edlies que nom\u00e9s compten amb una mam\u00e0 o un pap\u00e0 s&#8217;enfronten cada curs al gran repte de donar-li als seus fills\/as l&#8217;essencial perqu\u00e8 puguen construir el seu propi futur. Moltes no poden fer front a totes les despeses, es calcula que cada xiquet\/a necessita entre 200 i 300EUR per a material escolar.<\/p>\n<p>Des de *Monofamilias volem ajudar al fet que aquests xiquets i xiquetes puguen complir el seu somni de ser professor, astronauta, advocada&#8230; Per aix\u00f2 hem creat a trav\u00e9s de la Fundaci\u00f3 El meu Gra d&#8217;Arena el repte \u00abTornada al Col\u00b7le Solid\u00e0ria\u00bb amb la qual recaptar fons per a poder ajudar a fam\u00edlies monoparentals vulnerables.<\/p>\n<p>Ens ajudes al fet que els seus somnis no tinguen l\u00edmit?<\/p>\n<p>Pots saber m\u00e9s sobre aquest <a href=\"https:\/\/www.migranodearena.org\/reto\/vuelta-al-cole-solidaria\"><strong>repte solidari fent clic ac\u00ed.<\/strong><\/a> <\/p>\n<p><a href=\"https:\/\/www.migranodearena.org\/reto\/vuelta-al-cole-solidaria\"><img decoding=\"async\" loading=\"lazy\" class=\"aligncenter wp-image-3414 size-large\" src=\"https:\/\/monofamilias.es\/wp-content\/uploads\/2023\/06\/Captura-de-pantalla-2023-06-26-a-las-8.27.51-1024x747.png\" alt=\"\" width=\"1024\" height=\"747\" srcset=\"https:\/\/monofamilias.es\/wp-content\/uploads\/2023\/06\/Captura-de-pantalla-2023-06-26-a-las-8.27.51-1024x747.png 1024w, https:\/\/monofamilias.es\/wp-content\/uploads\/2023\/06\/Captura-de-pantalla-2023-06-26-a-las-8.27.51-300x219.png 300w, https:\/\/monofamilias.es\/wp-content\/uploads\/2023\/06\/Captura-de-pantalla-2023-06-26-a-las-8.27.51-768x561.png 768w, https:\/\/monofamilias.es\/wp-content\/uploads\/2023\/06\/Captura-de-pantalla-2023-06-26-a-las-8.27.51-700x511.png 700w, https:\/\/monofamilias.es\/wp-content\/uploads\/2023\/06\/Captura-de-pantalla-2023-06-26-a-las-8.27.51.png 1192w\" sizes=\"(max-width: 1024px) 100vw, 1024px\" \/><\/a><\/p>\n","protected":false},"excerpt":{"rendered":"<p>T&#8217;imagines la tornada al col\u00b7le sense llibretes, *bolis, motxilla, etc.? Les fam\u00edlies que nom\u00e9s compten amb una mam\u00e0 o un pap\u00e0 s&#8217;enfronten cada curs al gran repte de donar-li als seus fills\/as l&#8217;essencial perqu\u00e8 puguen construir el seu propi futur. Moltes no poden fer front&#8230;<\/p>\n","protected":false},"author":1,"featured_media":3417,"comment_status":"open","ping_status":"open","sticky":false,"template":"","format":"standard","meta":{"om_disable_all_campaigns":false,"_mi_skip_tracking":false,"_monsterinsights_sitenote_active":false,"_monsterinsights_sitenote_note":"","_monsterinsights_sitenote_category":0,"footnotes":""},"categories":[16],"tags":[],"yoast_head":"<!-- This site is optimized with the Yoast SEO plugin v21.3 - https:\/\/yoast.com\/wordpress\/plugins\/seo\/ -->\n<title>Monofamilias crea el repte &quot;Tornada al Col\u00b7le Solid\u00e0ria&quot; - Monofamilias<\/title>\n<meta name=\"robots\" content=\"index, follow, max-snippet:-1, max-image-preview:large, max-video-preview:-1\" \/>\n<link rel=\"canonical\" href=\"https:\/\/monofamilias.es\/val\/monofamilias-crea-el-reto-vuelta-al-cole-solidaria\/\" \/>\n<meta property=\"og:locale\" content=\"en_US\" \/>\n<meta property=\"og:type\" content=\"article\" \/>\n<meta property=\"og:title\" content=\"Monofamilias crea el repte &quot;Tornada al Col\u00b7le Solid\u00e0ria&quot; - Monofamilias\" \/>\n<meta property=\"og:description\" content=\"T&#8217;imagines la tornada al col\u00b7le sense llibretes, *bolis, motxilla, etc.? Les fam\u00edlies que nom\u00e9s compten amb una mam\u00e0 o un pap\u00e0 s&#8217;enfronten cada curs al gran repte de donar-li als seus fills\/as l&#8217;essencial perqu\u00e8 puguen construir el seu propi futur. Moltes no poden fer front...\" \/>\n<meta property=\"og:url\" content=\"https:\/\/monofamilias.es\/val\/monofamilias-crea-el-reto-vuelta-al-cole-solidaria\/\" \/>\n<meta property=\"og:site_name\" content=\"Monofamilias\" \/>\n<meta property=\"article:published_time\" content=\"2023-06-26T06:50:46+00:00\" \/>\n<meta property=\"article:modified_time\" content=\"2023-06-27T04:42:52+00:00\" \/>\n<meta property=\"og:image\" content=\"https:\/\/monofamilias.es\/wp-content\/uploads\/2023\/06\/canvas600400web_6495792875bc9.jpeg\" \/>\n\t<meta property=\"og:image:width\" content=\"600\" \/>\n\t<meta property=\"og:image:height\" content=\"400\" \/>\n\t<meta property=\"og:image:type\" content=\"image\/jpeg\" \/>\n<meta name=\"author\" content=\"admin\" \/>\n<meta name=\"twitter:card\" content=\"summary_large_image\" \/>\n<meta name=\"twitter:label1\" content=\"Written by\" \/>\n\t<meta name=\"twitter:data1\" content=\"admin\" \/>\n\t<meta name=\"twitter:label2\" content=\"Est. reading time\" \/>\n\t<meta name=\"twitter:data2\" content=\"1 minute\" \/>\n<script type=\"application\/ld+json\" class=\"yoast-schema-graph\">{\"@context\":\"https:\/\/schema.org\",\"@graph\":[{\"@type\":\"Article\",\"@id\":\"https:\/\/monofamilias.es\/val\/monofamilias-crea-el-reto-vuelta-al-cole-solidaria\/#article\",\"isPartOf\":{\"@id\":\"https:\/\/monofamilias.es\/val\/monofamilias-crea-el-reto-vuelta-al-cole-solidaria\/\"},\"author\":{\"name\":\"admin\",\"@id\":\"https:\/\/monofamilias.es\/#\/schema\/person\/961568664e0baeb3a12b8e45b313bff8\"},\"headline\":\"Monofamilias crea el repte &#8220;Tornada al Col\u00b7le Solid\u00e0ria&#8221;\",\"datePublished\":\"2023-06-26T06:50:46+00:00\",\"dateModified\":\"2023-06-27T04:42:52+00:00\",\"mainEntityOfPage\":{\"@id\":\"https:\/\/monofamilias.es\/val\/monofamilias-crea-el-reto-vuelta-al-cole-solidaria\/\"},\"wordCount\":158,\"commentCount\":0,\"publisher\":{\"@id\":\"https:\/\/monofamilias.es\/#organization\"},\"articleSection\":[\"Not\u00edcies\"],\"inLanguage\":\"val\",\"potentialAction\":[{\"@type\":\"CommentAction\",\"name\":\"Comment\",\"target\":[\"https:\/\/monofamilias.es\/val\/monofamilias-crea-el-reto-vuelta-al-cole-solidaria\/#respond\"]}]},{\"@type\":\"WebPage\",\"@id\":\"https:\/\/monofamilias.es\/val\/monofamilias-crea-el-reto-vuelta-al-cole-solidaria\/\",\"url\":\"https:\/\/monofamilias.es\/val\/monofamilias-crea-el-reto-vuelta-al-cole-solidaria\/\",\"name\":\"Monofamilias crea el repte \\\"Tornada al Col\u00b7le Solid\u00e0ria\\\" - Monofamilias\",\"isPartOf\":{\"@id\":\"https:\/\/monofamilias.es\/#website\"},\"datePublished\":\"2023-06-26T06:50:46+00:00\",\"dateModified\":\"2023-06-27T04:42:52+00:00\",\"inLanguage\":\"val\",\"potentialAction\":[{\"@type\":\"ReadAction\",\"target\":[\"https:\/\/monofamilias.es\/val\/monofamilias-crea-el-reto-vuelta-al-cole-solidaria\/\"]}]},{\"@type\":\"WebSite\",\"@id\":\"https:\/\/monofamilias.es\/#website\",\"url\":\"https:\/\/monofamilias.es\/\",\"name\":\"Monofamilias\",\"description\":\"Familias Monoparentales de la Comunidad Valenciana\",\"publisher\":{\"@id\":\"https:\/\/monofamilias.es\/#organization\"},\"potentialAction\":[{\"@type\":\"SearchAction\",\"target\":{\"@type\":\"EntryPoint\",\"urlTemplate\":\"https:\/\/monofamilias.es\/?s={search_term_string}\"},\"query-input\":\"required name=search_term_string\"}],\"inLanguage\":\"val\"},{\"@type\":\"Organization\",\"@id\":\"https:\/\/monofamilias.es\/#organization\",\"name\":\"Monofamilias\",\"url\":\"https:\/\/monofamilias.es\/\",\"logo\":{\"@type\":\"ImageObject\",\"inLanguage\":\"val\",\"@id\":\"https:\/\/monofamilias.es\/#\/schema\/logo\/image\/\",\"url\":\"https:\/\/monofamilias.es\/wp-content\/uploads\/2020\/04\/Familias-Monoparentales-Valencia-r.png\",\"contentUrl\":\"https:\/\/monofamilias.es\/wp-content\/uploads\/2020\/04\/Familias-Monoparentales-Valencia-r.png\",\"width\":900,\"height\":265,\"caption\":\"Monofamilias\"},\"image\":{\"@id\":\"https:\/\/monofamilias.es\/#\/schema\/logo\/image\/\"}},{\"@type\":\"Person\",\"@id\":\"https:\/\/monofamilias.es\/#\/schema\/person\/961568664e0baeb3a12b8e45b313bff8\",\"name\":\"admin\",\"image\":{\"@type\":\"ImageObject\",\"inLanguage\":\"val\",\"@id\":\"https:\/\/monofamilias.es\/#\/schema\/person\/image\/\",\"url\":\"https:\/\/secure.gravatar.com\/avatar\/2613d9fa59c366ebe9f8883f2a7887f5?s=96&d=mm&r=g\",\"contentUrl\":\"https:\/\/secure.gravatar.com\/avatar\/2613d9fa59c366ebe9f8883f2a7887f5?s=96&d=mm&r=g\",\"caption\":\"admin\"},\"url\":\"https:\/\/monofamilias.es\/val\/author\/administra\/\"}]}<\/script>\n<!-- \/ Yoast SEO plugin. -->","yoast_head_json":{"title":"Monofamilias crea el repte \"Tornada al Col\u00b7le Solid\u00e0ria\" - Monofamilias","robots":{"index":"index","follow":"follow","max-snippet":"max-snippet:-1","max-image-preview":"max-image-preview:large","max-video-preview":"max-video-preview:-1"},"canonical":"https:\/\/monofamilias.es\/val\/monofamilias-crea-el-reto-vuelta-al-cole-solidaria\/","og_locale":"en_US","og_type":"article","og_title":"Monofamilias crea el repte \"Tornada al Col\u00b7le Solid\u00e0ria\" - Monofamilias","og_description":"T&#8217;imagines la tornada al col\u00b7le sense llibretes, *bolis, motxilla, etc.? Les fam\u00edlies que nom\u00e9s compten amb una mam\u00e0 o un pap\u00e0 s&#8217;enfronten cada curs al gran repte de donar-li als seus fills\/as l&#8217;essencial perqu\u00e8 puguen construir el seu propi futur. Moltes no poden fer front...","og_url":"https:\/\/monofamilias.es\/val\/monofamilias-crea-el-reto-vuelta-al-cole-solidaria\/","og_site_name":"Monofamilias","article_published_time":"2023-06-26T06:50:46+00:00","article_modified_time":"2023-06-27T04:42:52+00:00","og_image":[{"width":600,"height":400,"url":"https:\/\/monofamilias.es\/wp-content\/uploads\/2023\/06\/canvas600400web_6495792875bc9.jpeg","type":"image\/jpeg"}],"author":"admin","twitter_card":"summary_large_image","twitter_misc":{"Written by":"admin","Est. reading time":"1 minute"},"schema":{"@context":"https:\/\/schema.org","@graph":[{"@type":"Article","@id":"https:\/\/monofamilias.es\/val\/monofamilias-crea-el-reto-vuelta-al-cole-solidaria\/#article","isPartOf":{"@id":"https:\/\/monofamilias.es\/val\/monofamilias-crea-el-reto-vuelta-al-cole-solidaria\/"},"author":{"name":"admin","@id":"https:\/\/monofamilias.es\/#\/schema\/person\/961568664e0baeb3a12b8e45b313bff8"},"headline":"Monofamilias crea el repte &#8220;Tornada al Col\u00b7le Solid\u00e0ria&#8221;","datePublished":"2023-06-26T06:50:46+00:00","dateModified":"2023-06-27T04:42:52+00:00","mainEntityOfPage":{"@id":"https:\/\/monofamilias.es\/val\/monofamilias-crea-el-reto-vuelta-al-cole-solidaria\/"},"wordCount":158,"commentCount":0,"publisher":{"@id":"https:\/\/monofamilias.es\/#organization"},"articleSection":["Not\u00edcies"],"inLanguage":"val","potentialAction":[{"@type":"CommentAction","name":"Comment","target":["https:\/\/monofamilias.es\/val\/monofamilias-crea-el-reto-vuelta-al-cole-solidaria\/#respond"]}]},{"@type":"WebPage","@id":"https:\/\/monofamilias.es\/val\/monofamilias-crea-el-reto-vuelta-al-cole-solidaria\/","url":"https:\/\/monofamilias.es\/val\/monofamilias-crea-el-reto-vuelta-al-cole-solidaria\/","name":"Monofamilias crea el repte \"Tornada al Col\u00b7le Solid\u00e0ria\" - Monofamilias","isPartOf":{"@id":"https:\/\/monofamilias.es\/#website"},"datePublished":"2023-06-26T06:50:46+00:00","dateModified":"2023-06-27T04:42:52+00:00","inLanguage":"val","potentialAction":[{"@type":"ReadAction","target":["https:\/\/monofamilias.es\/val\/monofamilias-crea-el-reto-vuelta-al-cole-solidaria\/"]}]},{"@type":"WebSite","@id":"https:\/\/monofamilias.es\/#website","url":"https:\/\/monofamilias.es\/","name":"Monofamilias","description":"Familias Monoparentales de la Comunidad Valenciana","publisher":{"@id":"https:\/\/monofamilias.es\/#organization"},"potentialAction":[{"@type":"SearchAction","target":{"@type":"EntryPoint","urlTemplate":"https:\/\/monofamilias.es\/?s={search_term_string}"},"query-input":"required name=search_term_string"}],"inLanguage":"val"},{"@type":"Organization","@id":"https:\/\/monofamilias.es\/#organization","name":"Monofamilias","url":"https:\/\/monofamilias.es\/","logo":{"@type":"ImageObject","inLanguage":"val","@id":"https:\/\/monofamilias.es\/#\/schema\/logo\/image\/","url":"https:\/\/monofamilias.es\/wp-content\/uploads\/2020\/04\/Familias-Monoparentales-Valencia-r.png","contentUrl":"https:\/\/monofamilias.es\/wp-content\/uploads\/2020\/04\/Familias-Monoparentales-Valencia-r.png","width":900,"height":265,"caption":"Monofamilias"},"image":{"@id":"https:\/\/monofamilias.es\/#\/schema\/logo\/image\/"}},{"@type":"Person","@id":"https:\/\/monofamilias.es\/#\/schema\/person\/961568664e0baeb3a12b8e45b313bff8","name":"admin","image":{"@type":"ImageObject","inLanguage":"val","@id":"https:\/\/monofamilias.es\/#\/schema\/person\/image\/","url":"https:\/\/secure.gravatar.com\/avatar\/2613d9fa59c366ebe9f8883f2a7887f5?s=96&d=mm&r=g","contentUrl":"https:\/\/secure.gravatar.com\/avatar\/2613d9fa59c366ebe9f8883f2a7887f5?s=96&d=mm&r=g","caption":"admin"},"url":"https:\/\/monofamilias.es\/val\/author\/administra\/"}]}},"_links":{"self":[{"href":"https:\/\/monofamilias.es\/val\/wp-json\/wp\/v2\/posts\/3451"}],"collection":[{"href":"https:\/\/monofamilias.es\/val\/wp-json\/wp\/v2\/posts"}],"about":[{"href":"https:\/\/monofamilias.es\/val\/wp-json\/wp\/v2\/types\/post"}],"author":[{"embeddable":true,"href":"https:\/\/monofamilias.es\/val\/wp-json\/wp\/v2\/users\/1"}],"replies":[{"embeddable":true,"href":"https:\/\/monofamilias.es\/val\/wp-json\/wp\/v2\/comments?post=3451"}],"version-history":[{"count":1,"href":"https:\/\/monofamilias.es\/val\/wp-json\/wp\/v2\/posts\/3451\/revisions"}],"predecessor-version":[{"id":3453,"href":"https:\/\/monofamilias.es\/val\/wp-json\/wp\/v2\/posts\/3451\/revisions\/3453"}],"wp:featuredmedia":[{"embeddable":true,"href":"https:\/\/monofamilias.es\/val\/wp-json\/wp\/v2\/media\/3417"}],"wp:attachment":[{"href":"https:\/\/monofamilias.es\/val\/wp-json\/wp\/v2\/media?parent=3451"}],"wp:term":[{"taxonomy":"category","embeddable":true,"href":"https:\/\/monofamilias.es\/val\/wp-json\/wp\/v2\/categories?post=3451"},{"taxonomy":"post_tag","embeddable":true,"href":"https:\/\/monofamilias.es\/val\/wp-json\/wp\/v2\/tags?post=3451"}],"curies":[{"name":"wp","href":"https:\/\/api.w.org\/{rel}","templated":true}]}}